{"id":4078,"date":"2014-05-12T10:31:34","date_gmt":"2014-05-12T08:31:34","guid":{"rendered":"http:\/\/fegrama.cat\/web\/?p=4078"},"modified":"2014-05-12T10:47:03","modified_gmt":"2014-05-12T08:47:03","slug":"el-juvenil-a-de-la-fegrama-remunta-i-guanya-un-punt-davant-el-josep-maria-gene-3-3","status":"publish","type":"post","link":"http:\/\/fegrama.cat\/web\/el-juvenil-a-de-la-fegrama-remunta-i-guanya-un-punt-davant-el-josep-maria-gene-3-3\/","title":{"rendered":"El Juvenil A de la FEGrama remunta i guanya un punt davant el Josep Maria Gen\u00e9 (3-3)"},"content":{"rendered":"<p>&nbsp;<\/p>\n<p style=\"text-align: justify;\"><span style=\"color: #000000;\">A una sola jornada per acabar la lliga, el Juvenil Preferent de la FEGrama ha aconseguit remuntar un partit que s&#8217;havia posat molt complicat amb dos gols en contra i finalment a acabat treure&#8217;n un punt molt important.<\/span><\/p>\n<p style=\"text-align: justify;\"><span style=\"color: #000000;\">Despr\u00e8s del descans, els entrenats per Toni Rovira i Ismael Poveda van apretar la m\u00e0quina i un doblet de Godbless, el segon al transformar un penal, igualava el partit amb el conseg\u00fcent repart de punts al Municipal L&#8217;\u00c0liga, un conjunt que a la tercera posici\u00f3 empatat amb el Vila Ol\u00edmpica te encara possibilitats d&#8217;entrar al playoff com a segon classificat.<\/span><\/p>\n<p style=\"text-align: justify;\"><span style=\"color: #000000;\">Els jugadors de la Fundaci\u00f3 Grama es consoliden a un partit del final de lliga a la desena pla\u00e7a amb un total de 38.<\/span><\/p>\n<p style=\"text-align: justify;\"><span style=\"color: #000000;\">A la seg\u00fcent jornada 30 i \u00faltima, el conjunt de la Fundaci\u00f3 Grama rebr\u00e0 al Masnou, sis\u00e8 classificat amb 44 punts, el dissabte 17 de maig des de les 13:45 hores.<\/span><\/p>\n<p style=\"text-align: justify;\"><span style=\"color: #000000;\"><a href=\"http:\/\/fegrama.cat\/web\/wp-content\/uploads\/2014\/05\/Juvenil_A_presentacio_2013_FUNDACIOGRAMA0321.jpg\"><span style=\"color: #000000;\"><img loading=\"lazy\" decoding=\"async\" alt=\"Juvenil_A_presentacio_2013_FUNDACIOGRAMA032\" src=\"http:\/\/fegrama.cat\/web\/wp-content\/uploads\/2014\/05\/Juvenil_A_presentacio_2013_FUNDACIOGRAMA0321.jpg\" width=\"640\" height=\"480\" \/><\/span><\/a><\/span><\/p>\n<p style=\"text-align: justify;\"><span style=\"color: #000000;\">[divider]<\/span><\/p>\n<p style=\"text-align: justify;\"><span style=\"color: #000000;\">[button color=\u00bbblue\u00bb size=\u00bbsmall\u00bb link=\u00bbhttp:\/\/www.fcf.cat\/pnfg\/NFG_CmpJornada?cod_primaria=1000120&amp;CodCompeticion=18473287&amp;CodGrupo=18491079&amp;CodTemporada=9&amp;CodJornada=12&#8243; target=\u00bbblank\u00bb ]Resultats[\/button]<\/span><\/p>\n<p style=\"text-align: justify;\"><span style=\"color: #000000;\">[button color=\u00bbblue\u00bb size=\u00bbsmall\u00bb link=\u00bbhttp:\/\/www.fcf.cat\/pnfg\/NPcd\/NFG_VisClasificacion?cod_primaria=1000120&amp;codgrupo=18491079&amp;codcompeticion=18473287&#8243; target=\u00bbblank\u00bb ]Classificaci\u00f3[\/button]<\/span><\/p>\n<p style=\"text-align: justify;\"><span style=\"color: #000000;\">A una sola jornada para acabar la liga, el Juvenil Preferente de la FEGrama ha conseguido remontar un partido que se hab\u00eda puesto muy complicado con dos goles en contra y finalmente a terminado sacar un punto muy importante.<\/span><\/p>\n<p style=\"text-align: justify;\"><span style=\"color: #000000;\">Despu\u00e9s del descanso, los entrenados por Toni Rovira y Ismael Poveda apretaron la m\u00e1quina y un doblete de Godbless, el segundo al transformar un penalti, igual\u00f3 con el consiguiente reparto de puntos en el Municipal del \u00c1guila, un conjunto que en la tercera posici\u00f3n empatado con el Vila Ol\u00edmpica tiene todav\u00eda posibilidades de entrar en el playoff como segundo clasificado.<\/span><\/p>\n<p style=\"text-align: justify;\"><span style=\"color: #000000;\">Los jugadores de la Fundaci\u00f3n Grama se consolidan en un partido del final de liga en la d\u00e9cima plaza con un total de 38.<\/span><\/p>\n<p style=\"text-align: justify;\"><span style=\"color: #000000;\">En la siguiente jornada 30 y \u00faltima, el conjunto de la Fundaci\u00f3n Grama recibir\u00e1 el Masnou, sexto clasificado con 44 puntos, el s\u00e1bado 17 de mayo desde las 13:45 horas.<\/span><\/p>\n<p style=\"text-align: justify;\"><span style=\"color: #000000;\"><strong>Visca l&#8217;Esperit Grama!!!<\/strong><\/span><\/p>\n<p style=\"text-align: justify;\"><span style=\"color: #000000;\">text: @ChemaCArva<\/span><\/p>\n","protected":false},"excerpt":{"rendered":"<p>&nbsp; A una sola jornada per acabar la lliga, el Juvenil Preferent de la FEGrama ha aconseguit remuntar un partit que s&#8217;havia posat molt complicat amb dos gols en contra i finalment a acabat treure&#8217;n un punt molt important. Despr\u00e8s del descans, els entrenats per Toni Rovira i Ismael Poveda van apretar la m\u00e0quina i [&hellip;]<\/p>\n","protected":false},"author":1,"featured_media":0,"comment_status":"closed","ping_status":"closed","sticky":false,"template":"","format":"standard","meta":{"footnotes":""},"categories":[4,6],"tags":[],"class_list":["post-4078","post","type-post","status-publish","format-standard","hentry","category-base-inclusiu","category-juvenils"],"_links":{"self":[{"href":"http:\/\/fegrama.cat\/web\/wp-json\/wp\/v2\/posts\/4078","targetHints":{"allow":["GET"]}}],"collection":[{"href":"http:\/\/fegrama.cat\/web\/wp-json\/wp\/v2\/posts"}],"about":[{"href":"http:\/\/fegrama.cat\/web\/wp-json\/wp\/v2\/types\/post"}],"author":[{"embeddable":true,"href":"http:\/\/fegrama.cat\/web\/wp-json\/wp\/v2\/users\/1"}],"replies":[{"embeddable":true,"href":"http:\/\/fegrama.cat\/web\/wp-json\/wp\/v2\/comments?post=4078"}],"version-history":[{"count":2,"href":"http:\/\/fegrama.cat\/web\/wp-json\/wp\/v2\/posts\/4078\/revisions"}],"predecessor-version":[{"id":4084,"href":"http:\/\/fegrama.cat\/web\/wp-json\/wp\/v2\/posts\/4078\/revisions\/4084"}],"wp:attachment":[{"href":"http:\/\/fegrama.cat\/web\/wp-json\/wp\/v2\/media?parent=4078"}],"wp:term":[{"taxonomy":"category","embeddable":true,"href":"http:\/\/fegrama.cat\/web\/wp-json\/wp\/v2\/categories?post=4078"},{"taxonomy":"post_tag","embeddable":true,"href":"http:\/\/fegrama.cat\/web\/wp-json\/wp\/v2\/tags?post=4078"}],"curies":[{"name":"wp","href":"https:\/\/api.w.org\/{rel}","templated":true}]}}