{"id":4071,"date":"2014-05-12T10:09:51","date_gmt":"2014-05-12T08:09:51","guid":{"rendered":"http:\/\/fegrama.cat\/web\/?p=4071"},"modified":"2014-05-12T10:09:51","modified_gmt":"2014-05-12T08:09:51","slug":"el-cadet-b-fegrama-guanya-la-lliga-i-pujara-a-primera-divisio","status":"publish","type":"post","link":"http:\/\/fegrama.cat\/web\/el-cadet-b-fegrama-guanya-la-lliga-i-pujara-a-primera-divisio\/","title":{"rendered":"El Cadet B FEGrama guanya la lliga i pujar\u00e0 a Primera Divisi\u00f3"},"content":{"rendered":"<p style=\"text-align: justify;\"><span style=\"color: #000000;\">La derrota del diumenge 11 de maig del Guinard\u00f3 enfront de l\u2019Escola P\u00eda d\u00f3na matem\u00e0ticament el t\u00edtol de lliga al CADET B de la Fundaci\u00f3 Esportiva Grama.<\/span><\/p>\n<p><span style=\"color: #000000;\">Aix\u00ed, aquest campionat Cadet del Grup 17 de Segona Divisi\u00f3 d\u00f3na un ascens merescut a Primera Divisi\u00f3 per la temporada 2014-2015.<\/span><br \/>\n<span style=\"color: #000000;\">Feia setmanes que l\u2019equip d\u2019Alex Abril i Javi S\u00e1nchez treballava per aconseguir aquest campionat i finalment aquesta jornada, amb una golejada contra l\u2019Hospitalense (0-12) i la combinaci\u00f3 dels resultats dels rivals a la classificaci\u00f3 podem dir que el nostre cadet B \u00e9s un equip Campi\u00f3.<\/span><br \/>\n<span style=\"color: #000000;\">La fam\u00edlia de la Fundaci\u00f3 Esportiva Grama us dona l\u2019enhorabona. Felicitats, Campions!!!!<\/span><\/p>\n<p style=\"text-align: justify;\"><a href=\"http:\/\/fegrama.cat\/web\/wp-content\/uploads\/2014\/05\/Cadet_B_presentacio_2013_FEG3.jpg\"><img loading=\"lazy\" decoding=\"async\" class=\"aligncenter size-full wp-image-4072\" alt=\"Cadet_B_presentacio_2013_FEG\" src=\"http:\/\/fegrama.cat\/web\/wp-content\/uploads\/2014\/05\/Cadet_B_presentacio_2013_FEG3.jpg\" width=\"640\" height=\"480\" \/><\/a><\/p>\n<p style=\"text-align: justify;\"><span style=\"color: #000000;\">La derrota del domingo 11 de mayo del Guinard\u00f3 frente a la Escuela P\u00eda da matem\u00e1ticamente el t\u00edtulo de liga al Cadete B de la Fundaci\u00f3 Esportiva Grama.<\/span><\/p>\n<p style=\"text-align: justify;\"><span style=\"color: #000000;\">As\u00ed, este campeonato Cadete del Grupo 17 de Segunda Divisi\u00f3n otorga un ascenso merecido \u00a0a la Primera Divisi\u00f3n por la temporada 2014 a 2015. <\/span><br \/>\n<span style=\"color: #000000;\">Hac\u00eda semanas que el equipo de Alex Abril y Javi S\u00e1nchez trabajaba para conseguir este campeonato y finalmente esta jornada, con una goleada contra el Hospitalense (0-12) y la combinaci\u00f3n de los resultados de los rivales en la clasificaci\u00f3n podemos decir que nuestro cadete B es un equipo campe\u00f3n. <\/span><br \/>\n<span style=\"color: #000000;\">La familia de la Fundaci\u00f3n Deportiva Grama le da la enhorabuena. \u00a1\u00a1Felicidades, Campeones!!<\/span><\/p>\n<p style=\"text-align: justify;\"><span style=\"color: #000000;\">text i fotos: @ChemaCArva<\/span><\/p>\n","protected":false},"excerpt":{"rendered":"<p>La derrota del diumenge 11 de maig del Guinard\u00f3 enfront de l\u2019Escola P\u00eda d\u00f3na matem\u00e0ticament el t\u00edtol de lliga al CADET B de la Fundaci\u00f3 Esportiva Grama. Aix\u00ed, aquest campionat Cadet del Grup 17 de Segona Divisi\u00f3 d\u00f3na un ascens merescut a Primera Divisi\u00f3 per la temporada 2014-2015. Feia setmanes que l\u2019equip d\u2019Alex Abril i [&hellip;]<\/p>\n","protected":false},"author":1,"featured_media":0,"comment_status":"closed","ping_status":"closed","sticky":false,"template":"","format":"standard","meta":{"footnotes":""},"categories":[14],"tags":[],"class_list":["post-4071","post","type-post","status-publish","format-standard","hentry","category-noticies"],"_links":{"self":[{"href":"http:\/\/fegrama.cat\/web\/wp-json\/wp\/v2\/posts\/4071","targetHints":{"allow":["GET"]}}],"collection":[{"href":"http:\/\/fegrama.cat\/web\/wp-json\/wp\/v2\/posts"}],"about":[{"href":"http:\/\/fegrama.cat\/web\/wp-json\/wp\/v2\/types\/post"}],"author":[{"embeddable":true,"href":"http:\/\/fegrama.cat\/web\/wp-json\/wp\/v2\/users\/1"}],"replies":[{"embeddable":true,"href":"http:\/\/fegrama.cat\/web\/wp-json\/wp\/v2\/comments?post=4071"}],"version-history":[{"count":2,"href":"http:\/\/fegrama.cat\/web\/wp-json\/wp\/v2\/posts\/4071\/revisions"}],"predecessor-version":[{"id":4076,"href":"http:\/\/fegrama.cat\/web\/wp-json\/wp\/v2\/posts\/4071\/revisions\/4076"}],"wp:attachment":[{"href":"http:\/\/fegrama.cat\/web\/wp-json\/wp\/v2\/media?parent=4071"}],"wp:term":[{"taxonomy":"category","embeddable":true,"href":"http:\/\/fegrama.cat\/web\/wp-json\/wp\/v2\/categories?post=4071"},{"taxonomy":"post_tag","embeddable":true,"href":"http:\/\/fegrama.cat\/web\/wp-json\/wp\/v2\/tags?post=4071"}],"curies":[{"name":"wp","href":"https:\/\/api.w.org\/{rel}","templated":true}]}}