{"id":4063,"date":"2014-05-12T09:47:09","date_gmt":"2014-05-12T07:47:09","guid":{"rendered":"http:\/\/fegrama.cat\/web\/?p=4063"},"modified":"2014-05-12T09:47:09","modified_gmt":"2014-05-12T07:47:09","slug":"el-benjami-c-de-la-fegrama-safianca-a-la-quarta-posicio-guanyant-a-casa-del-sant-andreu-per-0-6","status":"publish","type":"post","link":"http:\/\/fegrama.cat\/web\/el-benjami-c-de-la-fegrama-safianca-a-la-quarta-posicio-guanyant-a-casa-del-sant-andreu-per-0-6\/","title":{"rendered":"El Benjam\u00ed C de la FEGrama s&#8217;afian\u00e7a a la quarta posici\u00f3 guanyant a casa del Sant Andreu per 0-6"},"content":{"rendered":"<p style=\"text-align: justify;\"><span style=\"color: #000000;\">El Benjam\u00ed C de la FEGrama ha golejat a casa del Sant Andreu ficantli mitja dotzena 0-6 en un partit rod\u00f3 que fa que el conjunt de Lautaro Rosales consolidi la quarta posici\u00f3 a tres jornades del fi del campionat lliguer.<\/span><\/p>\n<p style=\"text-align: justify;\"><span style=\"color: #000000;\">Miguel \u00c1ngel S\u00e1iz avant\u00e7ava als colomencs al minut 9 i David Serra tamb\u00e9 s&#8217;apuntava a lo que seria una festa de gols a casa del conjunt quatribarrat. Juan Cort\u00e9s faria el 0-3, Joel Gerard Bail\u00f3n el quart, Juan Cort\u00e9s, de nou, el 0-5, i tamb\u00e9, per segon cop, Miguel \u00c1ngel per deixar el marcador definitiu de 0-6 al AISS Municipal de Barcelona.<\/span><\/p>\n<p style=\"text-align: justify;\"><span style=\"color: #000000;\">El conjunt de Santa Coloma aconsegueix sumar 54 punts i voldr\u00e0 seguir sumant a aquest tercer cap de setmana de maig.<\/span><\/p>\n<p style=\"text-align: justify;\"><span style=\"color: #000000;\">Els joves jugadors de la Fundaci\u00f3 Grama s\u00f3n a tres partits per finalitzar la lliga i te moltes posibilitats de pujar posicions com per exemple a la jornada 28 on es medir\u00e0 amb un rival directe com la Damm, cinqu\u00e8 amb 53 punts, un menys que el conjunt de la FEG dirigit per Lautaro Rosales. Aix\u00f2 ser\u00e0 a casa al Nou Municipal de Santa Coloma de Gramenet el dissabte 17 de maig a les 11:45 hores.<a href=\"http:\/\/fegrama.cat\/web\/wp-content\/uploads\/2014\/05\/jornada27c1.jpg\"><img loading=\"lazy\" decoding=\"async\" class=\"aligncenter size-full wp-image-4066\" alt=\"jornada27c\" src=\"http:\/\/fegrama.cat\/web\/wp-content\/uploads\/2014\/05\/jornada27c1.jpg\" width=\"750\" height=\"515\" \/><\/a> <a href=\"http:\/\/fegrama.cat\/web\/wp-content\/uploads\/2014\/05\/jornada27cl.jpg\"><img loading=\"lazy\" decoding=\"async\" class=\"aligncenter size-full wp-image-4067\" alt=\"jornada27cl\" src=\"http:\/\/fegrama.cat\/web\/wp-content\/uploads\/2014\/05\/jornada27cl.jpg\" width=\"762\" height=\"678\" \/><\/a><\/span><\/p>\n<p style=\"text-align: justify;\"><span style=\"color: #000000;\"><a href=\"http:\/\/fegrama.cat\/web\/wp-content\/uploads\/2014\/04\/Benjami_C_presentacio_2013_FUNDACIOGRAMA0263.jpg\"><span style=\"color: #000000;\"><img loading=\"lazy\" decoding=\"async\" alt=\"Benjami_C_presentacio_2013_FUNDACIOGRAMA026\" src=\"http:\/\/fegrama.cat\/web\/wp-content\/uploads\/2014\/04\/Benjami_C_presentacio_2013_FUNDACIOGRAMA0263.jpg\" width=\"640\" height=\"480\" \/><\/span><\/a><\/span><\/p>\n<p style=\"text-align: justify;\"><span style=\"color: #000000;\">[divider]<\/span><\/p>\n<p style=\"text-align: justify;\"><span style=\"color: #000000;\">[button color=\u00bbblue\u00bb size=\u00bbsmall\u00bb link=\u00bbhttp:\/\/www.fcf.cat\/pnfg\/NFG_CmpJornada?cod_primaria=1000120&amp;CodCompeticion=18473318&amp;CodGrupo=18680379&amp;CodTemporada=9&amp;CodJornada=10&#8243; target=\u00bbblank\u00bb ]Resultats[\/button]<\/span><\/p>\n<p style=\"text-align: justify;\"><span style=\"color: #000000;\">[button color=\u00bbblue\u00bb size=\u00bbsmall\u00bb link=\u00bbhttp:\/\/www.fcf.cat\/pnfg\/NPcd\/NFG_VisClasificacion?cod_primaria=1000120&amp;codgrupo=18680379&amp;codcompeticion=18473318&#8243; target=\u00bbblank\u00bb ]Classificaci\u00f3[\/button]<\/span><\/p>\n<p style=\"text-align: justify;\"><span style=\"color: #000000;\">El Benjam\u00edn C de la FEGrama ha goleado en casa del Sant Andreu ficantli media docena 0-6 en un partido redondo que hace que el conjunto de Lautaro Rosales consolide la cuarta posici\u00f3n a tres jornadas del final del campeonato liguero .<\/span><\/p>\n<p style=\"text-align: justify;\"><span style=\"color: #000000;\">Miguel \u00c1ngel S\u00e1iz adelant\u00e1ndose a los colomenses en el minuto 9 y David Serra tambi\u00e9n se apuntaba a lo que ser\u00eda una fiesta de goles en casa del conjunto cuatribarrado . Juan Cort\u00e9s har\u00eda el 0-3 , Joel Gerard Bail\u00f3n el cuarto , Juan Cort\u00e9s , de nuevo, el 0-5 , y tambi\u00e9n , por segunda vez , Miguel \u00c1ngel para dejar el marcador definitivo de 0-6 en AISS Municipal de Barcelona .<\/span><\/p>\n<p style=\"text-align: justify;\"><span style=\"color: #000000;\">El conjunto de Santa Coloma consigue sumar 54 puntos y querr\u00e1 seguir sumando a este tercer fin de semana de mayo.<\/span><\/p>\n<p style=\"text-align: justify;\"><span style=\"color: #000000;\">Los j\u00f3venes jugadores de la Fundaci\u00f3n Grama son a tres partidos para finalizar la liga y tiene muchas posibilidades de subir posiciones como por ejemplo en la jornada 28 donde se medir\u00e1 con un rival directo como la Damm , quinto con 53 puntos , uno menos que el conjunto de la FEG dirigido por Lautaro Rosales . Esto ser\u00e1 en casa en el Nou Municipal de Santa Coloma el s\u00e1bado 17 de mayo a las 11:45 horas .<\/span><\/p>\n<p style=\"text-align: justify;\"><span style=\"color: #000000;\"><strong>Visca l&#8217;Esperit Grama!!!<\/strong><\/span><\/p>\n<p style=\"text-align: justify;\"><span style=\"color: #000000;\">text i fotos: @ChemaCarva<\/span><\/p>\n","protected":false},"excerpt":{"rendered":"<p>El Benjam\u00ed C de la FEGrama ha golejat a casa del Sant Andreu ficantli mitja dotzena 0-6 en un partit rod\u00f3 que fa que el conjunt de Lautaro Rosales consolidi la quarta posici\u00f3 a tres jornades del fi del campionat lliguer. Miguel \u00c1ngel S\u00e1iz avant\u00e7ava als colomencs al minut 9 i David Serra tamb\u00e9 s&#8217;apuntava [&hellip;]<\/p>\n","protected":false},"author":1,"featured_media":0,"comment_status":"closed","ping_status":"closed","sticky":false,"template":"","format":"standard","meta":{"footnotes":""},"categories":[4,11],"tags":[],"class_list":["post-4063","post","type-post","status-publish","format-standard","hentry","category-base-inclusiu","category-benjamins"],"_links":{"self":[{"href":"http:\/\/fegrama.cat\/web\/wp-json\/wp\/v2\/posts\/4063","targetHints":{"allow":["GET"]}}],"collection":[{"href":"http:\/\/fegrama.cat\/web\/wp-json\/wp\/v2\/posts"}],"about":[{"href":"http:\/\/fegrama.cat\/web\/wp-json\/wp\/v2\/types\/post"}],"author":[{"embeddable":true,"href":"http:\/\/fegrama.cat\/web\/wp-json\/wp\/v2\/users\/1"}],"replies":[{"embeddable":true,"href":"http:\/\/fegrama.cat\/web\/wp-json\/wp\/v2\/comments?post=4063"}],"version-history":[{"count":1,"href":"http:\/\/fegrama.cat\/web\/wp-json\/wp\/v2\/posts\/4063\/revisions"}],"predecessor-version":[{"id":4070,"href":"http:\/\/fegrama.cat\/web\/wp-json\/wp\/v2\/posts\/4063\/revisions\/4070"}],"wp:attachment":[{"href":"http:\/\/fegrama.cat\/web\/wp-json\/wp\/v2\/media?parent=4063"}],"wp:term":[{"taxonomy":"category","embeddable":true,"href":"http:\/\/fegrama.cat\/web\/wp-json\/wp\/v2\/categories?post=4063"},{"taxonomy":"post_tag","embeddable":true,"href":"http:\/\/fegrama.cat\/web\/wp-json\/wp\/v2\/tags?post=4063"}],"curies":[{"name":"wp","href":"https:\/\/api.w.org\/{rel}","templated":true}]}}