{"id":4058,"date":"2014-05-12T09:31:54","date_gmt":"2014-05-12T07:31:54","guid":{"rendered":"http:\/\/fegrama.cat\/web\/?p=4058"},"modified":"2014-05-12T09:31:54","modified_gmt":"2014-05-12T07:31:54","slug":"el-lider-benjami-b-de-la-fegrama-goleja-a-la-unificacion-llefia-per-10-a-2","status":"publish","type":"post","link":"http:\/\/fegrama.cat\/web\/el-lider-benjami-b-de-la-fegrama-goleja-a-la-unificacion-llefia-per-10-a-2\/","title":{"rendered":"El l\u00edder Benjam\u00ed B de la FEGrama goleja a la Unificaci\u00f3n Llefi\u00e0 per 10 a 2"},"content":{"rendered":"<p style=\"text-align: justify;\"><span style=\"color: #000000;\">El conjunt del Benjam\u00ed B FEGrama ha golejat a la Unificaci\u00f3n Llefi\u00e0 per 10 a 2 aconseguint la vict\u00f2ria n\u00famero 24 de partits guanyats que el situen com a l\u00edder a aquesta jornada 27, a nom\u00e8s tres del final del campionat.<\/span><\/p>\n<p style=\"text-align: justify;\"><span style=\"color: #000000;\">Aaron Rom\u00e1n va comen\u00e7ar amb la punteria molt fina marcant un hattrick en pr\u00e0cticament deu minuts. Despr\u00e8s Eric L\u00f3riz es va sumar a la golejada que es preveia amb el 4-0.<\/span><\/p>\n<p style=\"text-align: justify;\"><span style=\"color: #000000;\">Adri\u00e1n Batista faria la maneta i L\u00f3riz de nou el 6-1 i tamb\u00e9 el quart particular de Aaron. Javier Tarazaga marcaria el 8-1, Adri\u00e1n Batista el 9-2 i el p\u00f2quer propi de Aaron feia el 10-2 on els tres punts es quedaven al Nou Municipal de Santa Coloma de Gramenet.<\/span><\/p>\n<p style=\"text-align: justify;\"><span style=\"color: #000000;\">Resten ara aquests tres partits per acabar la lliga i el Trajana persegueix a l&#8217;equip colomenc a dos punts amb 71 que ha fet lo seu a casa de la Trinidad (1-12).<\/span><\/p>\n<p style=\"text-align: justify;\"><span style=\"color: #000000;\">Es justament aquest equip que es trobar\u00e0 el conjunt de la Fundaci\u00f3 Grama dirigit per Luis Heredia a la jornada 28 d&#8217;aquest grup 5 a l&#8217;Instituts Municipals Sant Adri\u00e0 de Bes\u00f2s de la Trajana Penya Barcelonista Sant Just, segon amb 71 punts, el diumenge 18 de maig a les 11:45 hores on probablement sortir\u00e0 el possible campi\u00f3 de lliga i segurament tindr\u00e0 colors blancs i blaus.<a href=\"http:\/\/fegrama.cat\/web\/wp-content\/uploads\/2014\/05\/jornada27.jpg\"><img loading=\"lazy\" decoding=\"async\" class=\"aligncenter size-full wp-image-4059\" alt=\"jornada27\" src=\"http:\/\/fegrama.cat\/web\/wp-content\/uploads\/2014\/05\/jornada27.jpg\" width=\"747\" height=\"594\" \/><\/a> <a href=\"http:\/\/fegrama.cat\/web\/wp-content\/uploads\/2014\/05\/jornada27c.jpg\"><img loading=\"lazy\" decoding=\"async\" class=\"aligncenter size-full wp-image-4060\" alt=\"jornada27c\" src=\"http:\/\/fegrama.cat\/web\/wp-content\/uploads\/2014\/05\/jornada27c.jpg\" width=\"762\" height=\"708\" \/><\/a><\/span><\/p>\n<p style=\"text-align: justify;\"><span style=\"color: #000000;\">\u00a0<a href=\"http:\/\/fegrama.cat\/web\/wp-content\/uploads\/2014\/04\/Benjami_B_presentacio_2013_FUNDACIOGRAMA0453.jpg\"><span style=\"color: #000000;\"><img loading=\"lazy\" decoding=\"async\" alt=\"Benjami_B_presentacio_2013_FUNDACIOGRAMA045\" src=\"http:\/\/fegrama.cat\/web\/wp-content\/uploads\/2014\/04\/Benjami_B_presentacio_2013_FUNDACIOGRAMA0453.jpg\" width=\"640\" height=\"480\" \/><\/span><\/a><\/span><\/p>\n<p style=\"text-align: justify;\"><span style=\"color: #000000;\">[divider]<\/span><\/p>\n<p style=\"text-align: justify;\"><span style=\"color: #000000;\">[button color=\u00bbblue\u00bb size=\u00bbsmall\u00bb link=\u00bbhttp:\/\/www.fcf.cat\/pnfg\/NFG_CmpJornada?cod_primaria=1000120&amp;CodCompeticion=18473318&amp;CodGrupo=18680779&amp;CodTemporada=9&amp;CodJornada=10&#8243; target=\u00bbblank\u00bb ]Resultats[\/button]<\/span><\/p>\n<p style=\"text-align: justify;\"><span style=\"color: #000000;\">[button color=\u00bbblue\u00bb size=\u00bbsmall\u00bb link=\u00bbhttp:\/\/www.fcf.cat\/pnfg\/NPcd\/NFG_VisClasificacion?cod_primaria=1000120&amp;codgrupo=18680779&amp;codcompeticion=18473318&#8243; target=\u00bbblank\u00bb ]Classificaci\u00f3[\/button]<\/span><\/p>\n<p style=\"text-align: justify;\"><span style=\"color: #000000;\">El conjunto del Benjam\u00edn B FEGrama ha goleado a la Unificaci\u00f3n Llefi\u00e0 por 10 a 2 consiguiendo la victoria n\u00famero 24 de partidos ganados que le sit\u00faan como l\u00edder en esta jornada 27 , a s\u00f3lo tres del final del campeonato .<\/span><\/p>\n<p style=\"text-align: justify;\"><span style=\"color: #000000;\">Aaron Rom\u00e1n comenz\u00f3 con la punter\u00eda muy fina marcando un hattrick en pr\u00e1cticamente diez minutos . Despu\u00e9s Eric L\u00f3riz se sum\u00f3 a la goleada que se preve\u00eda con el 4-0 .<\/span><\/p>\n<p style=\"text-align: justify;\"><span style=\"color: #000000;\">Adri\u00e1n Batista har\u00eda la manija y L\u00f3riz de nuevo el 6-1 y tambi\u00e9n el cuarto particular de Aaron . Javier Tarazaga marcar\u00eda el 8-1 , Adri\u00e1n Batista el 9-2 y el p\u00f3quer propio de Aaron hac\u00eda el 10-2 donde los tres puntos se quedaban en el Nou Municipal de Santa Coloma .<\/span><\/p>\n<p style=\"text-align: justify;\"><span style=\"color: #000000;\">Quedan ahora estos tres partidos para acabar la liga y el Trajana persigue al equipo colomense en dos puntos con 71 que ha hecho de las suyas en casa de la Trinidad ( 1-12 ) .<\/span><\/p>\n<p style=\"text-align: justify;\"><span style=\"color: #000000;\">Es justamente este equipo que se encontrar\u00e1 el conjunto de la Fundaci\u00f3n Grama dirigido por Luis Heredia en la jornada 28 de este grupo 5 al Institutos Municipales Sant Adri\u00e0 de la Trajana Pe\u00f1a Barcelonista Sant Just , segundo con 71 puntos , el domingo 18 de mayo a las 11:45 horas donde probablemente saldr\u00e1 el posible campe\u00f3n de liga y seguramente tendr\u00e1 colores blancos y azules .<\/span><\/p>\n<p style=\"text-align: justify;\"><span style=\"color: #000000;\"><strong>Visca l&#8217;Esperit Grama!!!<\/strong><\/span><\/p>\n<p style=\"text-align: justify;\"><span style=\"color: #000000;\">text i fotos: @ChemaCarva<\/span><\/p>\n","protected":false},"excerpt":{"rendered":"<p>El conjunt del Benjam\u00ed B FEGrama ha golejat a la Unificaci\u00f3n Llefi\u00e0 per 10 a 2 aconseguint la vict\u00f2ria n\u00famero 24 de partits guanyats que el situen com a l\u00edder a aquesta jornada 27, a nom\u00e8s tres del final del campionat. Aaron Rom\u00e1n va comen\u00e7ar amb la punteria molt fina marcant un hattrick en pr\u00e0cticament [&hellip;]<\/p>\n","protected":false},"author":1,"featured_media":0,"comment_status":"closed","ping_status":"closed","sticky":false,"template":"","format":"standard","meta":{"footnotes":""},"categories":[4,11],"tags":[],"class_list":["post-4058","post","type-post","status-publish","format-standard","hentry","category-base-inclusiu","category-benjamins"],"_links":{"self":[{"href":"http:\/\/fegrama.cat\/web\/wp-json\/wp\/v2\/posts\/4058","targetHints":{"allow":["GET"]}}],"collection":[{"href":"http:\/\/fegrama.cat\/web\/wp-json\/wp\/v2\/posts"}],"about":[{"href":"http:\/\/fegrama.cat\/web\/wp-json\/wp\/v2\/types\/post"}],"author":[{"embeddable":true,"href":"http:\/\/fegrama.cat\/web\/wp-json\/wp\/v2\/users\/1"}],"replies":[{"embeddable":true,"href":"http:\/\/fegrama.cat\/web\/wp-json\/wp\/v2\/comments?post=4058"}],"version-history":[{"count":1,"href":"http:\/\/fegrama.cat\/web\/wp-json\/wp\/v2\/posts\/4058\/revisions"}],"predecessor-version":[{"id":4062,"href":"http:\/\/fegrama.cat\/web\/wp-json\/wp\/v2\/posts\/4058\/revisions\/4062"}],"wp:attachment":[{"href":"http:\/\/fegrama.cat\/web\/wp-json\/wp\/v2\/media?parent=4058"}],"wp:term":[{"taxonomy":"category","embeddable":true,"href":"http:\/\/fegrama.cat\/web\/wp-json\/wp\/v2\/categories?post=4058"},{"taxonomy":"post_tag","embeddable":true,"href":"http:\/\/fegrama.cat\/web\/wp-json\/wp\/v2\/tags?post=4058"}],"curies":[{"name":"wp","href":"https:\/\/api.w.org\/{rel}","templated":true}]}}