{"id":4055,"date":"2014-05-12T09:20:27","date_gmt":"2014-05-12T07:20:27","guid":{"rendered":"http:\/\/fegrama.cat\/web\/?p=4055"},"modified":"2014-05-12T09:20:27","modified_gmt":"2014-05-12T07:20:27","slug":"el-benjami-d-de-la-fegrama-remunta-i-goleja-a-lhospitalense-per-6-a-3","status":"publish","type":"post","link":"http:\/\/fegrama.cat\/web\/el-benjami-d-de-la-fegrama-remunta-i-goleja-a-lhospitalense-per-6-a-3\/","title":{"rendered":"El Benjam\u00ed D de la FEGrama remunta i goleja a l&#8217;Hospitalense per 6 a 3"},"content":{"rendered":"<p style=\"text-align: justify;\"><span style=\"color: #000000;\">El Benjam\u00ed D de la FEGrama aconsegueix la quarta vict\u00f2ria consecutiva amb aquesta contra l&#8217;Hospitalense per 6 a 3 al Nou Municipal de Santa Coloma.\u00e7<\/span><\/p>\n<p style=\"text-align: justify;\"><span style=\"color: #000000;\">Tot i el resultat final, l&#8217;equip de la Fundaci\u00f3 Grama va comen\u00e7ar encaixant un gol en contra als primers minuts que Iker Quintana va corretgir empatant poc despr\u00e8s.<\/span><\/p>\n<p style=\"text-align: justify;\"><span style=\"color: #000000;\">Javier Peralta adelantava amb el 2-1 als colomencs i tres gols d&#8217;Iker Quintana consecutius pujaven el 5-1 i el seu p\u00f2quer de gols particular. V\u00edctor Campos marcava a la postre el definitiu 6-3 i tres punts que es quedaven a Santa Coloma.<\/span><\/p>\n<p style=\"text-align: justify;\"><span style=\"color: #000000;\">Aix\u00ed, el conjunt de la Fundaci\u00f3 Grama es mant\u00e8 aix\u00ed a meitat de la classificaci\u00f3 amb una novena posici\u00f3 amb 47 punts a la taula del grup 8.<\/span><\/p>\n<p style=\"text-align: justify;\"><span style=\"color: #000000;\">A falta de nom\u00e8s tres jornades, el conjunt de V\u00edctor D\u00edaz i del seu segon entrenador, Ra\u00fal Ruiz, aniran al Municipal Feixa Llarga davant la Unificaci\u00f3n Bellvitge, cinqu\u00e8 classificat amb 56 punts, a la jornada 28 el pr\u00f2xim dissabte 17 de maig des de les 11:00 hores.<\/span><\/p>\n<p style=\"text-align: justify;\"><span style=\"color: #000000;\"><a href=\"http:\/\/fegrama.cat\/web\/wp-content\/uploads\/2014\/04\/Benjami_D_presentacio_2013_FUNDACIOGRAMA0273.jpg\"><span style=\"color: #000000;\"><img loading=\"lazy\" decoding=\"async\" alt=\"Benjami_D_presentacio_2013_FUNDACIOGRAMA027\" src=\"http:\/\/fegrama.cat\/web\/wp-content\/uploads\/2014\/04\/Benjami_D_presentacio_2013_FUNDACIOGRAMA0273.jpg\" width=\"640\" height=\"480\" \/><\/span><\/a><\/span><\/p>\n<p style=\"text-align: justify;\"><span style=\"color: #000000;\">[divider]<\/span><\/p>\n<p style=\"text-align: justify;\"><span style=\"color: #000000;\">[button color=\u00bbblue\u00bb size=\u00bbsmall\u00bb link=\u00bbhttp:\/\/www.fcf.cat\/pnfg\/NFG_CmpJornada?cod_primaria=1000120&amp;CodCompeticion=18473318&amp;CodGrupo=18680853&amp;CodTemporada=9&amp;CodJornada=10&#8243; target=\u00bbblank\u00bb ]Resultats[\/button]<\/span><\/p>\n<p style=\"text-align: justify;\"><span style=\"color: #000000;\">[button color=\u00bbblue\u00bb size=\u00bbsmall\u00bb link=\u00bbhttp:\/\/www.fcf.cat\/pnfg\/NPcd\/NFG_VisClasificacion?cod_primaria=1000120&amp;codgrupo=18680853&amp;codcompeticion=18473318&#8243; target=\u00bbblank\u00bb ]Classificaci\u00f3[\/button]<\/span><\/p>\n<p style=\"text-align: justify;\"><span style=\"color: #000000;\">El Benjam\u00edn D de la FEGrama consigue la cuarta victoria consecutiva con la misma contra el Hospitalense por 6 a 3 en el Nou Municipal de Santa Coloma.\u00e7<\/span><\/p>\n<p style=\"text-align: justify;\"><span style=\"color: #000000;\">Aunque el resultado final, el equipo de la Fundaci\u00f3n Grama empez\u00f3 encajando un gol en contra en los primeros minutos que Iker Quintana corregir empatando poco despu\u00e9s.<\/span><\/p>\n<p style=\"text-align: justify;\"><span style=\"color: #000000;\">Javier Peralta adelantado con el 2-1 a los colomenses y tres goles de Iker Quintana consecutivos sub\u00edan el 5-1 y su p\u00f3quer de goles particular. V\u00edctor Campos marcaba a la postre el definitivo 6-3 y tres puntos que se quedaban en Santa Coloma.<\/span><\/p>\n<p style=\"text-align: justify;\"><span style=\"color: #000000;\">As\u00ed, el conjunto de la Fundaci\u00f3n Grama se mantiene as\u00ed en mitad de la clasificaci\u00f3n con una novena posici\u00f3n con 47 puntos en la tabla del grupo 8.<\/span><\/p>\n<p style=\"text-align: justify;\"><span style=\"color: #000000;\">A falta de s\u00f3lo tres jornadas, el conjunto de V\u00edctor D\u00edaz y de su segundo entrenador, Ra\u00fal Ruiz, ir\u00e1n al Municipal Feixa Llarga ante la Unificaci\u00f3n Bellvitge, quinto clasificado con 56 puntos, en la jornada 28 el pr\u00f3ximo s\u00e1bado 17 de mayo desde las 11:00 horas.<\/span><\/p>\n<p style=\"text-align: justify;\"><span style=\"color: #000000;\"><strong>Visca l&#8217;Esperit Grama!!!!<\/strong><\/span><\/p>\n<p style=\"text-align: justify;\"><span style=\"color: #000000;\">text i fotos: @ChemaCarva<\/span><\/p>\n","protected":false},"excerpt":{"rendered":"<p>El Benjam\u00ed D de la FEGrama aconsegueix la quarta vict\u00f2ria consecutiva amb aquesta contra l&#8217;Hospitalense per 6 a 3 al Nou Municipal de Santa Coloma.\u00e7 Tot i el resultat final, l&#8217;equip de la Fundaci\u00f3 Grama va comen\u00e7ar encaixant un gol en contra als primers minuts que Iker Quintana va corretgir empatant poc despr\u00e8s. Javier Peralta [&hellip;]<\/p>\n","protected":false},"author":1,"featured_media":0,"comment_status":"closed","ping_status":"closed","sticky":false,"template":"","format":"standard","meta":{"footnotes":""},"categories":[4,11],"tags":[],"class_list":["post-4055","post","type-post","status-publish","format-standard","hentry","category-base-inclusiu","category-benjamins"],"_links":{"self":[{"href":"http:\/\/fegrama.cat\/web\/wp-json\/wp\/v2\/posts\/4055","targetHints":{"allow":["GET"]}}],"collection":[{"href":"http:\/\/fegrama.cat\/web\/wp-json\/wp\/v2\/posts"}],"about":[{"href":"http:\/\/fegrama.cat\/web\/wp-json\/wp\/v2\/types\/post"}],"author":[{"embeddable":true,"href":"http:\/\/fegrama.cat\/web\/wp-json\/wp\/v2\/users\/1"}],"replies":[{"embeddable":true,"href":"http:\/\/fegrama.cat\/web\/wp-json\/wp\/v2\/comments?post=4055"}],"version-history":[{"count":1,"href":"http:\/\/fegrama.cat\/web\/wp-json\/wp\/v2\/posts\/4055\/revisions"}],"predecessor-version":[{"id":4057,"href":"http:\/\/fegrama.cat\/web\/wp-json\/wp\/v2\/posts\/4055\/revisions\/4057"}],"wp:attachment":[{"href":"http:\/\/fegrama.cat\/web\/wp-json\/wp\/v2\/media?parent=4055"}],"wp:term":[{"taxonomy":"category","embeddable":true,"href":"http:\/\/fegrama.cat\/web\/wp-json\/wp\/v2\/categories?post=4055"},{"taxonomy":"post_tag","embeddable":true,"href":"http:\/\/fegrama.cat\/web\/wp-json\/wp\/v2\/tags?post=4055"}],"curies":[{"name":"wp","href":"https:\/\/api.w.org\/{rel}","templated":true}]}}