{"id":4046,"date":"2014-05-12T09:10:30","date_gmt":"2014-05-12T07:10:30","guid":{"rendered":"http:\/\/fegrama.cat\/web\/?p=4046"},"modified":"2014-05-12T09:10:30","modified_gmt":"2014-05-12T07:10:30","slug":"el-primer-equip-de-la-fundacio-grama-empata-in-extremis-en-un-partidas-a-bellaterra-3-3","status":"publish","type":"post","link":"http:\/\/fegrama.cat\/web\/el-primer-equip-de-la-fundacio-grama-empata-in-extremis-en-un-partidas-a-bellaterra-3-3\/","title":{"rendered":"El Primer Equip de la Fundaci\u00f3 Grama empata in extremis en un partid\u00e0s a Bellaterra (3-3)"},"content":{"rendered":"<div style=\"text-align: justify;\">\n<dl id=\"attachment_3894\">\n<dd>\n<span style=\"color: #000000;\">El Primer Equip de la Fundaci\u00f3 Grama ha tret un punt de la seva visita a casa d&#8217;un rival directe com el Bellaterra on el resultat de 3-3 el mant\u00e9 a la desena posici\u00f3 aamb 33 punts a la classificaci\u00f3 a aquesta jornada 29 del grup 15.<\/span><\/p>\n<p><span style=\"color: #000000;\">El conjunt de la Fundaci\u00f3 Grama va donarli la volta a un gol advers on Sergio P\u00e9rez va fer l&#8217;empat a la mitja hora de partit i abans del descans Pablo Amigo avant\u00e7ava als de Santa Coloma de Gramenet.<\/span><\/p>\n<p><span style=\"color: #000000;\">Per\u00f2 un gol de penal a la segona meitat empatava de nou els del Vall\u00e8s Occidental (2-2) i incl\u00f2s marcarien el 3-2 encara que Alberto L\u00f3pez faria l&#8217;empat definitiu i ag\u00f2nic a falta de quatre minuts (3-3).<\/span><\/p>\n<p><span style=\"color: #000000;\">A una jornada del final del campionat, els jugadors dirigits per Carlos Mart\u00ednez tornaran a donar-lo tot davant la Escuela de Futbol Base Ripollet, pen\u00faltim amb 13 punts, el diumenge 18 de maig des de les 11:45 hores.<\/span><\/p>\n<p><span style=\"color: #000000;\">\u00a0<a href=\"http:\/\/fegrama.cat\/web\/wp-content\/uploads\/2014\/05\/jornada29.jpg\"><img loading=\"lazy\" decoding=\"async\" class=\"aligncenter size-full wp-image-4052\" alt=\"jornada29\" src=\"http:\/\/fegrama.cat\/web\/wp-content\/uploads\/2014\/05\/jornada29.jpg\" width=\"749\" height=\"631\" \/><\/a> <a href=\"http:\/\/fegrama.cat\/web\/wp-content\/uploads\/2014\/05\/jornada29clas.jpg\"><img loading=\"lazy\" decoding=\"async\" class=\"aligncenter size-full wp-image-4053\" alt=\"jornada29clas\" src=\"http:\/\/fegrama.cat\/web\/wp-content\/uploads\/2014\/05\/jornada29clas.jpg\" width=\"759\" height=\"684\" \/><\/a><a href=\"http:\/\/fegrama.cat\/web\/wp-content\/uploads\/2014\/05\/PrimerEquip_QuartaCat_presentacio_2013_FUNDACIOGRAMA0302.jpg\"><img loading=\"lazy\" decoding=\"async\" class=\"aligncenter size-full wp-image-4051\" alt=\"PrimerEquip_QuartaCat_presentacio_2013_FUNDACIOGRAMA030\" src=\"http:\/\/fegrama.cat\/web\/wp-content\/uploads\/2014\/05\/PrimerEquip_QuartaCat_presentacio_2013_FUNDACIOGRAMA0302.jpg\" width=\"640\" height=\"480\" \/><\/a><\/span><\/p>\n<\/dd>\n<\/dl>\n<\/div>\n<p style=\"text-align: justify;\"><span style=\"color: #000000;\">[divider]<\/span><\/p>\n<p style=\"text-align: justify;\"><span style=\"color: #000000;\">[button color=\u00bbblue\u00bb size=\u00bbsmall\u00bb link=\u00bbhttp:\/\/www.fcf.cat\/pnfg\/NFG_CmpJornada?cod_primaria=1000120&amp;CodCompeticion=18473252&amp;CodGrupo=18559830&amp;CodTemporada=9&amp;CodJornada=13&#8243; target=\u00bbblank\u00bb ]Resultats[\/button]<\/span><\/p>\n<p style=\"text-align: justify;\"><span style=\"color: #000000;\">[button color=\u00bbblue\u00bb size=\u00bbsmall\u00bb link=\u00bbhttp:\/\/www.fcf.cat\/pnfg\/NPcd\/NFG_VisClasificacion?cod_primaria=1000120&amp;codgrupo=18559830&amp;codcompeticion=18473252&#8243; target=\u00bbblank\u00bb ]Classificaci\u00f3[\/button]<\/span><\/p>\n<p style=\"text-align: justify;\"><span style=\"color: #000000;\">El Primer Equipo de la Fundaci\u00f3n Grama ha sacado un punto de su visita a casa de un rival directo como el Bellaterra donde el resultado de 3-3 lo mantiene en la d\u00e9cima posici\u00f3n coon 33 puntos en la clasificaci\u00f3n a esta jornada 29 del grupo 15.<\/span><\/p>\n<p style=\"text-align: justify;\"><span style=\"color: #000000;\">El conjunto de la Fundaci\u00f3n Grama darle la vuelta a un gol adverso donde Sergio P\u00e9rez hizo el empate a la media hora de partido y antes del descanso Pablo Amigo adelant\u00e1ndose a los de Santa Coloma de Gramenet.<\/span><\/p>\n<p style=\"text-align: justify;\"><span style=\"color: #000000;\">Pero un gol de penalti en la segunda mitad empataba de nuevo los del Barcelona (2-2) e incluido marcar\u00edan el 3-2 aunque Alberto L\u00f3pez har\u00eda el empate definitivo y ag\u00f3nico a falta de cuatro minutos (3-3).<\/span><\/p>\n<p style=\"text-align: justify;\"><span style=\"color: #000000;\">A una jornada del final del campeonato, los jugadores dirigidos por Carlos Mart\u00ednez volver\u00e1n a darlo todo ante la Escuela de F\u00fatbol Base Ripollet, pen\u00faltimo con 13 puntos, el domingo 18 de mayo desde las 11:45 horas.<\/span><\/p>\n<p style=\"text-align: justify;\"><span style=\"color: #000000;\"><strong>\u00a0Visca l&#8217;Esperit Grama!!!<\/strong><\/span><\/p>\n<p style=\"text-align: justify;\"><span style=\"color: #000000;\">text i fotos: @ChemaCarva<\/span><\/p>\n","protected":false},"excerpt":{"rendered":"<p>El Primer Equip de la Fundaci\u00f3 Grama ha tret un punt de la seva visita a casa d&#8217;un rival directe com el Bellaterra on el resultat de 3-3 el mant\u00e9 a la desena posici\u00f3 aamb 33 punts a la classificaci\u00f3 a aquesta jornada 29 del grup 15. El conjunt de la Fundaci\u00f3 Grama va donarli [&hellip;]<\/p>\n","protected":false},"author":1,"featured_media":0,"comment_status":"closed","ping_status":"closed","sticky":false,"template":"","format":"standard","meta":{"footnotes":""},"categories":[4,5],"tags":[],"class_list":["post-4046","post","type-post","status-publish","format-standard","hentry","category-base-inclusiu","category-primer-equip"],"_links":{"self":[{"href":"http:\/\/fegrama.cat\/web\/wp-json\/wp\/v2\/posts\/4046","targetHints":{"allow":["GET"]}}],"collection":[{"href":"http:\/\/fegrama.cat\/web\/wp-json\/wp\/v2\/posts"}],"about":[{"href":"http:\/\/fegrama.cat\/web\/wp-json\/wp\/v2\/types\/post"}],"author":[{"embeddable":true,"href":"http:\/\/fegrama.cat\/web\/wp-json\/wp\/v2\/users\/1"}],"replies":[{"embeddable":true,"href":"http:\/\/fegrama.cat\/web\/wp-json\/wp\/v2\/comments?post=4046"}],"version-history":[{"count":1,"href":"http:\/\/fegrama.cat\/web\/wp-json\/wp\/v2\/posts\/4046\/revisions"}],"predecessor-version":[{"id":4054,"href":"http:\/\/fegrama.cat\/web\/wp-json\/wp\/v2\/posts\/4046\/revisions\/4054"}],"wp:attachment":[{"href":"http:\/\/fegrama.cat\/web\/wp-json\/wp\/v2\/media?parent=4046"}],"wp:term":[{"taxonomy":"category","embeddable":true,"href":"http:\/\/fegrama.cat\/web\/wp-json\/wp\/v2\/categories?post=4046"},{"taxonomy":"post_tag","embeddable":true,"href":"http:\/\/fegrama.cat\/web\/wp-json\/wp\/v2\/tags?post=4046"}],"curies":[{"name":"wp","href":"https:\/\/api.w.org\/{rel}","templated":true}]}}