{"id":4043,"date":"2014-05-12T08:33:58","date_gmt":"2014-05-12T06:33:58","guid":{"rendered":"http:\/\/fegrama.cat\/web\/?p=4043"},"modified":"2014-05-12T08:33:58","modified_gmt":"2014-05-12T06:33:58","slug":"lalevi-b-de-la-fegrama-perd-a-la-seva-visita-a-la-unio-futbol-base-jabac-i-terrassa-3-0","status":"publish","type":"post","link":"http:\/\/fegrama.cat\/web\/lalevi-b-de-la-fegrama-perd-a-la-seva-visita-a-la-unio-futbol-base-jabac-i-terrassa-3-0\/","title":{"rendered":"L&#8217;Alev\u00ed B de la FEGrama perd a la seva visita a la Uni\u00f3 Futbol Base J\u00e0bac i Terrassa (3-0)"},"content":{"rendered":"<p style=\"text-align: justify;\"><span style=\"color: #000000;\">L&#8217;Alev\u00ed B de la FEGrama encaixa la segona derrota seguida aquest cop a casa del J\u00e0bac i Terrassa, equip molt fort que van tercers a 22 punts del conjunt de Santa Coloma, que segueix a un bon lloc a la classificaci\u00f3: sis\u00e8 amb 42 punts d&#8217;aquest grup 4.<\/span><\/p>\n<p style=\"text-align: justify;\"><span style=\"color: #000000;\">El conjunt de la Fundaci\u00f3 Grama dirigit per Dani Rosa i D\u00eddac Caballero a la jornada 28, a tres del fi del campionat, rebr\u00e0 a Santa Coloma al Vilassar de Dalt, onz\u00e8 classificat amb 30 punts. Segur que puntuarem que ser\u00e0 un infern a casa on ser\u00e0 el pr\u00f2xim dissabte 17 de maig des de les 10:00 hores.<\/span><\/p>\n<p style=\"text-align: justify;\"><span style=\"color: #000000;\"><a href=\"http:\/\/fegrama.cat\/web\/wp-content\/uploads\/2014\/04\/Alevi_B_presentacio_2013_FUNDACIOGRAMA0413.jpg\"><span style=\"color: #000000;\"><img loading=\"lazy\" decoding=\"async\" alt=\"Alevi_B_presentacio_2013_FUNDACIOGRAMA041\" src=\"http:\/\/fegrama.cat\/web\/wp-content\/uploads\/2014\/04\/Alevi_B_presentacio_2013_FUNDACIOGRAMA0413.jpg\" width=\"640\" height=\"480\" \/><\/span><\/a><\/span><\/p>\n<p style=\"text-align: justify;\"><span style=\"color: #000000;\">[divider]<\/span><\/p>\n<p style=\"text-align: justify;\"><span style=\"color: #000000;\">[button color=\u00bbblue\u00bb size=\u00bbsmall\u00bb link=\u00bbhttp:\/\/www.fcf.cat\/pnfg\/NFG_CmpJornada?cod_primaria=1000120&amp;CodCompeticion=18473305&amp;CodGrupo=18504080&amp;CodTemporada=9&amp;CodJornada=10&#8243; target=\u00bbblank\u00bb ]Resultats[\/button]<\/span><\/p>\n<p style=\"text-align: justify;\"><span style=\"color: #000000;\">[button color=\u00bbblue\u00bb size=\u00bbsmall\u00bb link=\u00bbhttp:\/\/www.fcf.cat\/pnfg\/NPcd\/NFG_VisClasificacion?cod_primaria=1000120&amp;codgrupo=18504080&amp;codcompeticion=18473305&#8243; target=\u00bbblank\u00bb ]Classificaci\u00f3[\/button]<\/span><\/p>\n<p style=\"text-align: justify;\"><span style=\"color: #000000;\">El Alev\u00edn B de la FEGrama encaja la segunda derrota seguida esta vez en casa del J\u00e0bac y Terrassa, equipo muy fuerte que terceros a 22 puntos del conjunto de Santa Coloma, que sigue a un buen lugar en la clasificaci\u00f3n: sexto con 42 puntos de este grupo 4.<\/span><\/p>\n<p style=\"text-align: justify;\"><span style=\"color: #000000;\">El conjunto de la Fundaci\u00f3n Grama dirigido por Dani Rosa y Diego Caballero en la jornada 28, a tres del final del campeonato, recibir\u00e1 en Santa Coloma en Vilassar de Dalt, und\u00e9cimo clasificado con 30 puntos. Seguro que puntuar que ser\u00e1 un infierno en casa donde ser\u00e1 el pr\u00f3ximo s\u00e1bado 17 de mayo desde las 10:00 horas.<\/span><\/p>\n<p style=\"text-align: justify;\"><span style=\"color: #000000;\"><strong>Visca l&#8217;Esperit Grama!!!<\/strong><\/span><\/p>\n<p style=\"text-align: justify;\"><span style=\"color: #000000;\">text: @ChemaCarva<\/span><\/p>\n","protected":false},"excerpt":{"rendered":"<p>L&#8217;Alev\u00ed B de la FEGrama encaixa la segona derrota seguida aquest cop a casa del J\u00e0bac i Terrassa, equip molt fort que van tercers a 22 punts del conjunt de Santa Coloma, que segueix a un bon lloc a la classificaci\u00f3: sis\u00e8 amb 42 punts d&#8217;aquest grup 4. El conjunt de la Fundaci\u00f3 Grama dirigit [&hellip;]<\/p>\n","protected":false},"author":1,"featured_media":0,"comment_status":"closed","ping_status":"closed","sticky":false,"template":"","format":"standard","meta":{"footnotes":""},"categories":[10,4],"tags":[],"class_list":["post-4043","post","type-post","status-publish","format-standard","hentry","category-alevins","category-base-inclusiu"],"_links":{"self":[{"href":"http:\/\/fegrama.cat\/web\/wp-json\/wp\/v2\/posts\/4043","targetHints":{"allow":["GET"]}}],"collection":[{"href":"http:\/\/fegrama.cat\/web\/wp-json\/wp\/v2\/posts"}],"about":[{"href":"http:\/\/fegrama.cat\/web\/wp-json\/wp\/v2\/types\/post"}],"author":[{"embeddable":true,"href":"http:\/\/fegrama.cat\/web\/wp-json\/wp\/v2\/users\/1"}],"replies":[{"embeddable":true,"href":"http:\/\/fegrama.cat\/web\/wp-json\/wp\/v2\/comments?post=4043"}],"version-history":[{"count":1,"href":"http:\/\/fegrama.cat\/web\/wp-json\/wp\/v2\/posts\/4043\/revisions"}],"predecessor-version":[{"id":4045,"href":"http:\/\/fegrama.cat\/web\/wp-json\/wp\/v2\/posts\/4043\/revisions\/4045"}],"wp:attachment":[{"href":"http:\/\/fegrama.cat\/web\/wp-json\/wp\/v2\/media?parent=4043"}],"wp:term":[{"taxonomy":"category","embeddable":true,"href":"http:\/\/fegrama.cat\/web\/wp-json\/wp\/v2\/categories?post=4043"},{"taxonomy":"post_tag","embeddable":true,"href":"http:\/\/fegrama.cat\/web\/wp-json\/wp\/v2\/tags?post=4043"}],"curies":[{"name":"wp","href":"https:\/\/api.w.org\/{rel}","templated":true}]}}