{"id":4040,"date":"2014-05-11T18:53:39","date_gmt":"2014-05-11T16:53:39","guid":{"rendered":"http:\/\/fegrama.cat\/web\/?p=4040"},"modified":"2014-05-11T18:53:39","modified_gmt":"2014-05-11T16:53:39","slug":"el-preferent-alevi-de-la-fegrama-cau-als-ultims-minuts-a-sant-gabriel-per-2-1","status":"publish","type":"post","link":"http:\/\/fegrama.cat\/web\/el-preferent-alevi-de-la-fegrama-cau-als-ultims-minuts-a-sant-gabriel-per-2-1\/","title":{"rendered":"El Preferent Alev\u00ed de la FEGrama cau als \u00faltims minuts a Sant Gabriel per 2-1"},"content":{"rendered":"<p style=\"text-align: justify;\"><span style=\"color: #000000;\">El Preferent Alev\u00ed de la FEGrama ha tingut un partit \u00abmolt disputat\u00bb segon el seu entrenador Ferran Hern\u00e1ndez que \u00abfiquen al minut 60 el 2-1\u00bb el Sant Gabriel per desfer l&#8217;empat que havia realitzat amb el seu gol Sergi Marzo.<\/span><\/p>\n<p style=\"text-align: justify;\"><span style=\"color: #000000;\">Aquesta derrota d&#8217;\u00faltima hora deixa al conjunt de la Fundaci\u00f3 Grama on estava a la pla\u00e7a com dotz\u00e8 de la classificaci\u00f3 amb 31 punts.<\/span><\/p>\n<p style=\"text-align: justify;\"><span style=\"color: #000000;\">Aix\u00ed a la jornada 30 i \u00faltima, el conjunt de la FEG dirigit per Ferran Hern\u00e1ndez rebr\u00e0 a L&#8217;Hospitalet, tretz\u00e8 classificat amb 30 punts el pr\u00f2xim dissabte 17 de maig des de les 10:00 hores.<\/span><\/p>\n<p style=\"text-align: justify;\"><span style=\"color: #000000;\"><a href=\"http:\/\/fegrama.cat\/web\/wp-content\/uploads\/2014\/04\/Alevi_A_presentacio_2013_FUNDACIOGRAMA0404.jpg\"><span style=\"color: #000000;\"><img loading=\"lazy\" decoding=\"async\" alt=\"Alevi_A_presentacio_2013_FUNDACIOGRAMA040\" src=\"http:\/\/fegrama.cat\/web\/wp-content\/uploads\/2014\/04\/Alevi_A_presentacio_2013_FUNDACIOGRAMA0404.jpg\" width=\"640\" height=\"480\" \/><\/span><\/a><\/span><\/p>\n<p style=\"text-align: justify;\"><span style=\"color: #000000;\">[divider]<\/span><\/p>\n<p style=\"text-align: justify;\"><span style=\"color: #000000;\">[button color=\u00bbblue\u00bb size=\u00bbsmall\u00bb link=\u00bbhttp:\/\/www.fcf.cat\/pnfg\/NFG_CmpJornada?cod_primaria=1000120&amp;CodCompeticion=18473304&amp;CodGrupo=18492801&amp;CodTemporada=9&amp;CodJornada=13&#8243; target=\u00bbblank\u00bb ]Resultats[\/button]<\/span><\/p>\n<p style=\"text-align: justify;\"><span style=\"color: #000000;\">[button color=\u00bbblue\u00bb size=\u00bbsmall\u00bb link=\u00bbhttp:\/\/www.fcf.cat\/pnfg\/NPcd\/NFG_VisClasificacion?cod_primaria=1000120&amp;codgrupo=18492801&amp;codcompeticion=18473304&#8243; target=\u00bbblank\u00bb ]Classificaci\u00f3[\/button]<\/span><\/p>\n<p style=\"text-align: justify;\"><span style=\"color: #000000;\">El Preferente Alev\u00edn de la FEGrama ha tenido un partido \u00abmuy disputado\u00bb segundo su entrenador Fernando Hern\u00e1ndez que \u00abmeten en el minuto 60 el 2-1\u00bb el San Gabriel para deshacer el empate que hab\u00eda realizado con su gol Sergi Marzo.<\/span><\/p>\n<p style=\"text-align: justify;\"><span style=\"color: #000000;\">Esta derrota de \u00faltima hora deja al conjunto de la Fundaci\u00f3n Grama donde estaba en la plaza como duod\u00e9cimo de la clasificaci\u00f3n con 31 puntos.<\/span><\/p>\n<p style=\"text-align: justify;\"><span style=\"color: #000000;\">As\u00ed en la jornada 30 y \u00faltima, el conjunto de la FEG dirigido por Ferran Hern\u00e1ndez recibir\u00e1 al Hospitalet, decimotercer clasificado con 30 puntos el pr\u00f3ximo s\u00e1bado 17 de mayo desde las 10:00 horas.<\/span><\/p>\n<p style=\"text-align: justify;\"><span style=\"color: #000000;\"><strong>Visca l&#8217;Esperit Grama!!!<\/strong><\/span><\/p>\n<p style=\"text-align: justify;\"><span style=\"color: #000000;\">text: @ChemaCarva<\/span><\/p>\n","protected":false},"excerpt":{"rendered":"<p>El Preferent Alev\u00ed de la FEGrama ha tingut un partit \u00abmolt disputat\u00bb segon el seu entrenador Ferran Hern\u00e1ndez que \u00abfiquen al minut 60 el 2-1\u00bb el Sant Gabriel per desfer l&#8217;empat que havia realitzat amb el seu gol Sergi Marzo. Aquesta derrota d&#8217;\u00faltima hora deixa al conjunt de la Fundaci\u00f3 Grama on estava a la [&hellip;]<\/p>\n","protected":false},"author":1,"featured_media":0,"comment_status":"closed","ping_status":"closed","sticky":false,"template":"","format":"standard","meta":{"footnotes":""},"categories":[10,4],"tags":[],"class_list":["post-4040","post","type-post","status-publish","format-standard","hentry","category-alevins","category-base-inclusiu"],"_links":{"self":[{"href":"http:\/\/fegrama.cat\/web\/wp-json\/wp\/v2\/posts\/4040","targetHints":{"allow":["GET"]}}],"collection":[{"href":"http:\/\/fegrama.cat\/web\/wp-json\/wp\/v2\/posts"}],"about":[{"href":"http:\/\/fegrama.cat\/web\/wp-json\/wp\/v2\/types\/post"}],"author":[{"embeddable":true,"href":"http:\/\/fegrama.cat\/web\/wp-json\/wp\/v2\/users\/1"}],"replies":[{"embeddable":true,"href":"http:\/\/fegrama.cat\/web\/wp-json\/wp\/v2\/comments?post=4040"}],"version-history":[{"count":1,"href":"http:\/\/fegrama.cat\/web\/wp-json\/wp\/v2\/posts\/4040\/revisions"}],"predecessor-version":[{"id":4042,"href":"http:\/\/fegrama.cat\/web\/wp-json\/wp\/v2\/posts\/4040\/revisions\/4042"}],"wp:attachment":[{"href":"http:\/\/fegrama.cat\/web\/wp-json\/wp\/v2\/media?parent=4040"}],"wp:term":[{"taxonomy":"category","embeddable":true,"href":"http:\/\/fegrama.cat\/web\/wp-json\/wp\/v2\/categories?post=4040"},{"taxonomy":"post_tag","embeddable":true,"href":"http:\/\/fegrama.cat\/web\/wp-json\/wp\/v2\/tags?post=4040"}],"curies":[{"name":"wp","href":"https:\/\/api.w.org\/{rel}","templated":true}]}}