{"id":4035,"date":"2014-05-11T17:46:30","date_gmt":"2014-05-11T15:46:30","guid":{"rendered":"http:\/\/fegrama.cat\/web\/?p=4035"},"modified":"2014-05-11T17:46:30","modified_gmt":"2014-05-11T15:46:30","slug":"laleviinfantil-femeni-de-la-fegrama-perd-davant-el-seagull-badalona-0-2","status":"publish","type":"post","link":"http:\/\/fegrama.cat\/web\/laleviinfantil-femeni-de-la-fegrama-perd-davant-el-seagull-badalona-0-2\/","title":{"rendered":"L&#8217;Alev\u00ed\/Infantil Femen\u00ed de la FEGrama perd davant el Seagull Badalona (0-2)"},"content":{"rendered":"<p style=\"text-align: justify;\"><span style=\"color: #000000;\">L&#8217;Alev\u00ed\/Infantil Femen\u00ed de la FEGrama lo ha donat tot davant el Seagull per\u00f2 el conjunt de Badalona ha aprofitat dues ocasions a\u00efllades a l&#8217;\u00faltim quart per emportar-se els tres punts de Santa Coloma.<\/span><\/p>\n<p style=\"text-align: justify;\"><span style=\"color: #000000;\">De totes maneres, el conjunt dirigit per Goretti seguir\u00e0 a la setena posici\u00f3 amb 46 punts faran que a nom\u00e8s tresjornades per a la consecuci\u00f3 de la lliga i a la jornada 28 el conjunt de Santa Coloma anir\u00e0 al Municipal Vista Alegre de Molins davant el Molinos, pen\u00faltim classificat amb 9 punts, el diumenge 18 de maig a les 11:00 hores.<\/span><\/p>\n<p style=\"text-align: justify;\"><span style=\"color: #000000;\"><a href=\"https:\/\/plus.google.com\/photos\/113125192083830612262\/albums\/6012193213981676401?banner=pwa\" target=\"_blank\"><span style=\"color: #000000;\">Punxa l&#8217;enlla\u00e7 per veure l&#8217;\u00e0lbum de l&#8217;Alev\u00ed FEGrama davant el Seagull<\/span><\/a><a href=\"http:\/\/fegrama.cat\/web\/wp-content\/uploads\/2014\/05\/Escuela_A_FEGrama-Sant_Gabriel_@ChemaCarva042.jpg\"><span style=\"color: #000000;\"><img loading=\"lazy\" decoding=\"async\" class=\"aligncenter size-full wp-image-4038\" alt=\"Escuela_A_FEGrama-Sant_Gabriel_@ChemaCarva042\" src=\"http:\/\/fegrama.cat\/web\/wp-content\/uploads\/2014\/05\/Escuela_A_FEGrama-Sant_Gabriel_@ChemaCarva042.jpg\" width=\"640\" height=\"480\" \/><\/span><\/a><\/span><\/p>\n<p style=\"text-align: justify;\"><span style=\"color: #000000;\"><a href=\"http:\/\/fegrama.cat\/web\/wp-content\/uploads\/2014\/04\/Alevi_Infantil_FEMENI_presentacio_2013_FUNDACIOGRAMA0393.jpg\"><span style=\"color: #000000;\"><img loading=\"lazy\" decoding=\"async\" alt=\"Alevi_Infantil_FEMENI_presentacio_2013_FUNDACIOGRAMA039\" src=\"http:\/\/fegrama.cat\/web\/wp-content\/uploads\/2014\/04\/Alevi_Infantil_FEMENI_presentacio_2013_FUNDACIOGRAMA0393.jpg\" width=\"640\" height=\"480\" \/><\/span><\/a><\/span><\/p>\n<p style=\"text-align: justify;\"><span style=\"color: #000000;\">[divider]<\/span><\/p>\n<p style=\"text-align: justify;\"><span style=\"color: #000000;\">[button color=\u00bbblue\u00bb size=\u00bbsmall\u00bb link=\u00bbhttp:\/\/www.fcf.cat\/pnfg\/NFG_CmpJornada?cod_primaria=1000120&amp;CodCompeticion=18473338&amp;CodGrupo=18699563&amp;CodTemporada=9&amp;CodJornada=10&#8243; target=\u00bbblank\u00bb ]Resultats[\/button]<\/span><\/p>\n<p style=\"text-align: justify;\"><span style=\"color: #000000;\">[button color=\u00bbblue\u00bb size=\u00bbsmall\u00bb link=\u00bbhttp:\/\/www.fcf.cat\/pnfg\/NPcd\/NFG_VisClasificacion?cod_primaria=1000120&amp;codgrupo=18699563&amp;codcompeticion=18473338&#8243; target=\u00bbblank\u00bb ]Classificaci\u00f3[\/button]<\/span><\/p>\n<p style=\"text-align: justify;\"><span style=\"color: #000000;\">El Alev\u00edn \/ Infantil Femenino de la FEGrama lo ha dado todo ante el Seagull pero el conjunto de Badalona ha aprovechado dos ocasiones aisladas en el \u00faltimo cuarto para llevarse los tres puntos de Santa Coloma.<\/span><\/p>\n<p style=\"text-align: justify;\"><span style=\"color: #000000;\">De todos modos, el conjunto dirigido por Goretti seguir\u00e1 en la s\u00e9ptima posici\u00f3n con 46 puntos har\u00e1n que s\u00f3lo tresjornades para la consecuci\u00f3n de la liga y en la jornada 28 el conjunto de Santa Coloma ir\u00e1 al Municipal Vista Alegre de Molins ante el Molinos, pen\u00faltimo clasificado con 9 puntos, el domingo 18 de mayo a las 11:00 horas.<\/span><\/p>\n<p style=\"text-align: justify;\"><span style=\"color: #000000;\"><strong>Visca l&#8217;Esperit Grama!!!<\/strong><\/span><\/p>\n<p style=\"text-align: justify;\"><span style=\"color: #000000;\">text i fotos: @ChemaCarva<\/span><\/p>\n","protected":false},"excerpt":{"rendered":"<p>L&#8217;Alev\u00ed\/Infantil Femen\u00ed de la FEGrama lo ha donat tot davant el Seagull per\u00f2 el conjunt de Badalona ha aprofitat dues ocasions a\u00efllades a l&#8217;\u00faltim quart per emportar-se els tres punts de Santa Coloma. De totes maneres, el conjunt dirigit per Goretti seguir\u00e0 a la setena posici\u00f3 amb 46 punts faran que a nom\u00e8s tresjornades per [&hellip;]<\/p>\n","protected":false},"author":1,"featured_media":0,"comment_status":"closed","ping_status":"closed","sticky":false,"template":"","format":"standard","meta":{"footnotes":""},"categories":[4,13],"tags":[],"class_list":["post-4035","post","type-post","status-publish","format-standard","hentry","category-base-inclusiu","category-femeni"],"_links":{"self":[{"href":"http:\/\/fegrama.cat\/web\/wp-json\/wp\/v2\/posts\/4035","targetHints":{"allow":["GET"]}}],"collection":[{"href":"http:\/\/fegrama.cat\/web\/wp-json\/wp\/v2\/posts"}],"about":[{"href":"http:\/\/fegrama.cat\/web\/wp-json\/wp\/v2\/types\/post"}],"author":[{"embeddable":true,"href":"http:\/\/fegrama.cat\/web\/wp-json\/wp\/v2\/users\/1"}],"replies":[{"embeddable":true,"href":"http:\/\/fegrama.cat\/web\/wp-json\/wp\/v2\/comments?post=4035"}],"version-history":[{"count":1,"href":"http:\/\/fegrama.cat\/web\/wp-json\/wp\/v2\/posts\/4035\/revisions"}],"predecessor-version":[{"id":4039,"href":"http:\/\/fegrama.cat\/web\/wp-json\/wp\/v2\/posts\/4035\/revisions\/4039"}],"wp:attachment":[{"href":"http:\/\/fegrama.cat\/web\/wp-json\/wp\/v2\/media?parent=4035"}],"wp:term":[{"taxonomy":"category","embeddable":true,"href":"http:\/\/fegrama.cat\/web\/wp-json\/wp\/v2\/categories?post=4035"},{"taxonomy":"post_tag","embeddable":true,"href":"http:\/\/fegrama.cat\/web\/wp-json\/wp\/v2\/tags?post=4035"}],"curies":[{"name":"wp","href":"https:\/\/api.w.org\/{rel}","templated":true}]}}