{"id":4028,"date":"2014-05-11T16:58:19","date_gmt":"2014-05-11T14:58:19","guid":{"rendered":"http:\/\/fegrama.cat\/web\/?p=4028"},"modified":"2014-05-11T16:59:04","modified_gmt":"2014-05-11T14:59:04","slug":"linfantil-b-fegrama-molt-a-prop-del-liderat-despres-de-golejar-contra-la-escuela-performance-0-6","status":"publish","type":"post","link":"http:\/\/fegrama.cat\/web\/linfantil-b-fegrama-molt-a-prop-del-liderat-despres-de-golejar-contra-la-escuela-performance-0-6\/","title":{"rendered":"L&#8217;Infantil B FEGrama, molt a prop del liderat, despr\u00e8s de golejar contra la Escuela Performance (0-6)"},"content":{"rendered":"<p style=\"text-align: justify;\"><span style=\"color: #000000;\">L&#8217;Infantil B FEGrama va tot dret cap a aconseguir el campionat de lliga fent m\u00e8rits com la vict\u00f2ria a la jornada per 0 a 6 a casa de la Escuela Performance.<\/span><\/p>\n<p style=\"text-align: justify;\"><span style=\"color: #000000;\">El conjunt dirigit per Rafa Avil\u00e9s i Ram\u00f3n Dom\u00ednguez segueix provisionalment segon classificat ara amb una jornada menys que el l\u00edder que encap\u00e7ala la taula, la Escola P\u00eda Sarri\u00e0, amb 67 punts, i el Collblanc-Sants es queda segon amb 59, que ha empatat a casa del Neurofutbol (1-1).<\/span><\/p>\n<p style=\"text-align: justify;\"><span style=\"color: #000000;\">L&#8217;Infantil B FEGrama amb\u00a0Dani Chavarr\u00eda va comen\u00e7ar aviat a avant\u00e7ar al conjunt de Rafa Avil\u00e9s i Ram\u00f3n Dom\u00ednguez. Tot seguit, Carlos Gonzalo va sumar-se amb el 0-2.<\/span><\/p>\n<p style=\"text-align: justify;\"><span style=\"color: #000000;\">El 0-3 s&#8217;apuntava com el segon de Dani. El quart marcaria Wanderson. El cinqu\u00e8 Ra\u00fal Castillo. Tancaria la mitja dotzena de gols Dani Gamero per donar els tres punts que acosten el possible liderat i campionat lliguer.<\/span><\/p>\n<p style=\"text-align: justify;\"><span style=\"color: #000000;\">A la jornada 28, a tres del final, el conjunt de la Fundaci\u00f3 Grama viatjar\u00e0 al Municipal del Carmelo, tretz\u00e8 amb 20 punts, el dissabte 17 de maig des de les 14 hores.<a href=\"http:\/\/fegrama.cat\/web\/wp-content\/uploads\/2014\/05\/fichaPERFORM2.jpg\"><img loading=\"lazy\" decoding=\"async\" class=\"aligncenter size-full wp-image-4030\" alt=\"fichaPERFORM2\" src=\"http:\/\/fegrama.cat\/web\/wp-content\/uploads\/2014\/05\/fichaPERFORM2.jpg\" width=\"758\" height=\"680\" \/><\/a> <a href=\"http:\/\/fegrama.cat\/web\/wp-content\/uploads\/2014\/05\/fichaPERFORM.jpg\"><img loading=\"lazy\" decoding=\"async\" class=\"aligncenter size-full wp-image-4031\" alt=\"fichaPERFORM;\" src=\"http:\/\/fegrama.cat\/web\/wp-content\/uploads\/2014\/05\/fichaPERFORM.jpg\" width=\"748\" height=\"577\" \/><\/a><\/span><\/p>\n<p style=\"text-align: justify;\"><span style=\"color: #000000;\">des de les 14 hores.<a href=\"http:\/\/fegrama.cat\/web\/wp-content\/uploads\/2014\/04\/Infantil_B_presentacio_2013_FUNDACIOGRAMA0371.jpg\"><span style=\"color: #000000;\"><img loading=\"lazy\" decoding=\"async\" alt=\"Infantil_B_presentacio_2013_FUNDACIOGRAMA037\" src=\"http:\/\/fegrama.cat\/web\/wp-content\/uploads\/2014\/04\/Infantil_B_presentacio_2013_FUNDACIOGRAMA0371.jpg\" width=\"640\" height=\"480\" \/><\/span><\/a><\/span><\/p>\n<p style=\"text-align: justify;\"><span style=\"color: #000000;\">[divider]<\/span><\/p>\n<p style=\"text-align: justify;\"><span style=\"color: #000000;\">[button color=\u00bbblue\u00bb size=\u00bbsmall\u00bb link=\u00bbhttp:\/\/www.fcf.cat\/pnfg\/NFG_CmpJornada?cod_primaria=1000120&amp;CodCompeticion=18473303&amp;CodGrupo=18577695&amp;CodTemporada=9&amp;CodJornada=10&#8243; target=\u00bbblank\u00bb ]Resultats[\/button]<\/span><\/p>\n<p style=\"text-align: justify;\"><span style=\"color: #000000;\">[button color=\u00bbblue\u00bb size=\u00bbsmall\u00bb link=\u00bbhttp:\/\/www.fcf.cat\/pnfg\/NPcd\/NFG_VisClasificacion?cod_primaria=1000120&amp;codgrupo=18577695&amp;codcompeticion=18473303&#8243; target=\u00bbblank\u00bb ]Classificaci\u00f3[\/button]<\/span><\/p>\n<p style=\"text-align: justify;\"><span style=\"color: #000000;\">El Infantil B FEGRAM va todo derecho hacia conseguir el campeonato de liga haciendo m\u00e9ritos como la victoria en la jornada por 0 a 6 en casa de la Escuela Performance .<\/span><\/p>\n<p style=\"text-align: justify;\"><span style=\"color: #000000;\">El conjunto dirigido por Rafa Avil\u00e9s y Ram\u00f3n Dom\u00ednguez sigue provisionalmente segundo clasificado ahora con una jornada menos que el l\u00edder que encabeza la tabla , la Escuela P\u00eda Sarri\u00e0 , con 67 puntos , y el Collblanc- Santos se queda segundo con 59, que empat\u00f3 a casa del Neurofutbol ( 1-1) .<\/span><\/p>\n<p style=\"text-align: justify;\"><span style=\"color: #000000;\">El Infantil B FEGrama con Dani Chavarr\u00eda comenz\u00f3 pronto a adelant\u00e1ndose al conjunto de Rafa Avil\u00e9s y Ram\u00f3n Dom\u00ednguez . A continuaci\u00f3n , Carlos Gonzalo sumarse con el 0-2 .<\/span><\/p>\n<p style=\"text-align: justify;\"><span style=\"color: #000000;\">El 0-3 se apuntaba como el segundo de Dani . El cuarto marcar\u00eda Wanderson . El quinto Ra\u00fal Castillo. Cerrar\u00eda la media docena de goles Dani Gamero para dar los tres puntos que acercan el posible liderato y campeonato liguero .<\/span><\/p>\n<p style=\"text-align: justify;\"><span style=\"color: #000000;\">En la jornada 28 , a tres del final , el conjunto de la Fundaci\u00f3n Grama viajar\u00e1 el Municipal del Carmelo , decimotercero con 20 puntos , el s\u00e1bado 17 de mayo desde las 14 horas .<\/span><\/p>\n<p style=\"text-align: justify;\"><span style=\"color: #000000;\">Text i fotos: @ChemaCarva<\/span><\/p>\n<p style=\"text-align: justify;\"><span style=\"color: #000000;\"><strong>Visca l&#8217;Esperit Grama!!!<\/strong><\/span><\/p>\n","protected":false},"excerpt":{"rendered":"<p>L&#8217;Infantil B FEGrama va tot dret cap a aconseguir el campionat de lliga fent m\u00e8rits com la vict\u00f2ria a la jornada per 0 a 6 a casa de la Escuela Performance. El conjunt dirigit per Rafa Avil\u00e9s i Ram\u00f3n Dom\u00ednguez segueix provisionalment segon classificat ara amb una jornada menys que el l\u00edder que encap\u00e7ala la [&hellip;]<\/p>\n","protected":false},"author":1,"featured_media":0,"comment_status":"closed","ping_status":"closed","sticky":false,"template":"","format":"standard","meta":{"footnotes":""},"categories":[4,9],"tags":[],"class_list":["post-4028","post","type-post","status-publish","format-standard","hentry","category-base-inclusiu","category-infantils"],"_links":{"self":[{"href":"http:\/\/fegrama.cat\/web\/wp-json\/wp\/v2\/posts\/4028","targetHints":{"allow":["GET"]}}],"collection":[{"href":"http:\/\/fegrama.cat\/web\/wp-json\/wp\/v2\/posts"}],"about":[{"href":"http:\/\/fegrama.cat\/web\/wp-json\/wp\/v2\/types\/post"}],"author":[{"embeddable":true,"href":"http:\/\/fegrama.cat\/web\/wp-json\/wp\/v2\/users\/1"}],"replies":[{"embeddable":true,"href":"http:\/\/fegrama.cat\/web\/wp-json\/wp\/v2\/comments?post=4028"}],"version-history":[{"count":2,"href":"http:\/\/fegrama.cat\/web\/wp-json\/wp\/v2\/posts\/4028\/revisions"}],"predecessor-version":[{"id":4034,"href":"http:\/\/fegrama.cat\/web\/wp-json\/wp\/v2\/posts\/4028\/revisions\/4034"}],"wp:attachment":[{"href":"http:\/\/fegrama.cat\/web\/wp-json\/wp\/v2\/media?parent=4028"}],"wp:term":[{"taxonomy":"category","embeddable":true,"href":"http:\/\/fegrama.cat\/web\/wp-json\/wp\/v2\/categories?post=4028"},{"taxonomy":"post_tag","embeddable":true,"href":"http:\/\/fegrama.cat\/web\/wp-json\/wp\/v2\/tags?post=4028"}],"curies":[{"name":"wp","href":"https:\/\/api.w.org\/{rel}","templated":true}]}}