{"id":4020,"date":"2014-05-11T09:45:47","date_gmt":"2014-05-11T07:45:47","guid":{"rendered":"http:\/\/fegrama.cat\/web\/?p=4020"},"modified":"2014-05-11T09:45:47","modified_gmt":"2014-05-11T07:45:47","slug":"lalevi-d-de-la-fegrama-retalla-tres-punts-directament-al-lider-el-catalonia-8-2","status":"publish","type":"post","link":"http:\/\/fegrama.cat\/web\/lalevi-d-de-la-fegrama-retalla-tres-punts-directament-al-lider-el-catalonia-8-2\/","title":{"rendered":"L&#8217;Alev\u00ed D de la FEGrama retalla tres punts directament al l\u00edder, el Catal\u00f2nia (8-2)"},"content":{"rendered":"<p style=\"text-align: justify;\">\n<span style=\"color: #000000;\">L&#8217;Alev\u00ed D FEGrama va guanyar per golejada al l\u00edder, el Catal\u00f2nia, per 8 a 2.<\/span><\/p>\n<p style=\"text-align: justify;\"><span style=\"color: #000000;\">Malgrat rebre un primer gol en contra, Mauro Arag\u00f3 empatava pocs minuts despr\u00e8s abans del minut 10. I la superioritat del conjunt de la Fundaci\u00f3 Grama es va veure passat el minut 20 quan dos gols seguits de Sergi Marzo deixava el 3-1. <\/span><br \/>\n<span style=\"color: #000000;\">Per\u00f2 es que es va continuar apretant i golejant mitjant\u00e7ant Arman Maghakyan (4-1) i Alejandro Cutillas (5-1).<\/span><\/p>\n<p style=\"text-align: justify;\"><span style=\"color: #000000;\">\u00c0lex Campos pujava el 6 a 2, Edgar Climent el 7-2 i el triplet particular de Sergi el 8 a 2 definitiu al marcador del Nou Municipal de Santa Coloma.<\/span><\/p>\n<p style=\"text-align: justify;\"><span style=\"color: #000000;\">Aix\u00ed aconsegueix sumar tres punts que el situen segon amb 65 punts empatats amb la Escola Brafa i a nom\u00e8s dos a la persecuci\u00f3 del Catal\u00f2nia.<\/span><\/p>\n<p style=\"text-align: justify;\"><span style=\"color: #000000;\">El conjunt de Santa Coloma dirigit per Isma Belmonte va aconseguir aix\u00ed la seva 21 vict\u00f2ria i es situa segon al grup 10 i perseguint a nom\u00e9s 2 punts, moment\u00e0niament, al l\u00edder, el Catal\u00f2nia.<\/span><\/p>\n<p style=\"text-align: justify;\"><span style=\"color: #000000;\">A la pr\u00f2xima jornada 28, l&#8217;equip de la Fundaci\u00f3 Grama, segon amb 65 punts, anir\u00e0 al Municipal Santa Eul\u00e0lia de l&#8217;Hospitalet, des\u00e8 classificat amb 39 punts, el diumenge 18 de maig a les 09:30 hores.<\/span><\/p>\n<p style=\"text-align: justify;\"><a title=\"FOTOS\" href=\"https:\/\/plus.google.com\/photos\/113125192083830612262\/albums\/6011859536754365105?banner=pwa\" target=\"_blank\">Punxa aqu\u00ed per veure l&#8217;\u00e0lbum de fotos de la Fundaci\u00f3 Grama-Catal\u00f2nia<\/a><\/p>\n<p style=\"text-align: justify;\"><a href=\"http:\/\/fegrama.cat\/web\/wp-content\/uploads\/2014\/05\/Alevin_-D_FEGRAMA-CATALONIA_@chemacarva002.jpg\"><img loading=\"lazy\" decoding=\"async\" class=\"aligncenter size-full wp-image-4022\" alt=\"Alevin_ D_FEGRAMA-CATALONIA_@chemacarva002\" src=\"http:\/\/fegrama.cat\/web\/wp-content\/uploads\/2014\/05\/Alevin_-D_FEGRAMA-CATALONIA_@chemacarva002.jpg\" width=\"640\" height=\"480\" \/><\/a><\/p>\n<p style=\"text-align: justify;\"><span style=\"color: #000000;\"><a href=\"http:\/\/fegrama.cat\/web\/wp-content\/uploads\/2014\/04\/Alevi_D_presentacio_2013_FUNDACIOGRAMA0433.jpg\"><span style=\"color: #000000;\"><img loading=\"lazy\" decoding=\"async\" alt=\"Alevi_D_presentacio_2013_FUNDACIOGRAMA043\" src=\"http:\/\/fegrama.cat\/web\/wp-content\/uploads\/2014\/04\/Alevi_D_presentacio_2013_FUNDACIOGRAMA0433.jpg\" width=\"640\" height=\"480\" \/><\/span><\/a><\/span><\/p>\n<p style=\"text-align: justify;\"><span style=\"color: #000000;\">[divider]<\/span><\/p>\n<p style=\"text-align: justify;\"><span style=\"color: #000000;\">[button color=\u00bbblue\u00bb size=\u00bbsmall\u00bb link=\u00bbhttp:\/\/www.fcf.cat\/pnfg\/NFG_CmpJornada?cod_primaria=1000120&amp;CodCompeticion=18473309&amp;CodGrupo=18578226&amp;CodTemporada=9&amp;CodJornada=10&#8243; target=\u00bbblank\u00bb ]Resultats[\/button]<\/span><\/p>\n<p style=\"text-align: justify;\"><span style=\"color: #000000;\">[button color=\u00bbblue\u00bb size=\u00bbsmall\u00bb link=\u00bbhttp:\/\/www.fcf.cat\/pnfg\/NPcd\/NFG_VisClasificacion?cod_primaria=1000120&amp;codgrupo=18578226&amp;codcompeticion=18473309&#8243; target=\u00bbblank\u00bb ]Classificaci\u00f3[\/button]<\/span><\/p>\n<p style=\"text-align: justify;\"><span style=\"color: #000000;\">El Alev\u00edn D FEGrama gan\u00f3 por goleada al l\u00edder, el Catal\u00f2nia , por 8 a 2.<\/span><\/p>\n<p style=\"text-align: justify;\"><span style=\"color: #000000;\">A pesar de recibir un primer gol en contra , Mauro Arag\u00f3n empataba pocos minutos despu\u00e9s antes del minuto 10 . Y la superioridad del conjunto de la Fundaci\u00f3n Grama se vio pasado el minuto 20 cuando dos goles seguidos de Sergi Marzo dejaba el 3-1 .<\/span><br \/>\n<span style=\"color: #000000;\">Pero es que se continu\u00f3 apretando y goleando mediante Arman Maghakyan ( 4-1 ) y Alejandro Cutillas ( 5-1 ) .<\/span><\/p>\n<p style=\"text-align: justify;\"><span style=\"color: #000000;\">Alex Campos sub\u00eda el 6 a 2 , Edgar Clemente el 7-2 y el triplete particular de Sergi 8 a 2 definitivo en el marcador del Nou Municipal de Santa Coloma .<\/span><\/p>\n<p style=\"text-align: justify;\"><span style=\"color: #000000;\">As\u00ed consigue sumar tres puntos que le sit\u00faan segundo con 65 puntos empatados con la Escuela Brafa ya s\u00f3lo dos a la persecuci\u00f3n del Catal\u00f2nia .<\/span><\/p>\n<p style=\"text-align: justify;\"><span style=\"color: #000000;\">El conjunto de Santa Coloma dirigido por Isma Belmonte logr\u00f3 as\u00ed su 21 victoria y se sit\u00faa segundo en el grupo 10 y persiguiendo a s\u00f3lo 2 puntos , moment\u00e1neamente , al l\u00edder , el Catal\u00f2nia .<\/span><\/p>\n<p style=\"text-align: justify;\"><span style=\"color: #000000;\">En la pr\u00f3xima jornada 28 , el equipo de la Fundaci\u00f3n Grama , segundo con 65 puntos , ir\u00e1 al Municipal Santa Eulalia de Hospitalet , d\u00e9cimo clasificado con 39 puntos , el domingo 18 de mayo a las 09:30 horas .<\/span><\/p>\n<p style=\"text-align: justify;\"><span style=\"color: #000000;\"><strong>Visca l&#8217;Esperit Grama!!!<\/strong><\/span><\/p>\n<p style=\"text-align: justify;\"><span style=\"color: #000000;\">Text i fotos: @ChemaCarva<\/span><\/p>\n<p>&nbsp;<\/p>\n","protected":false},"excerpt":{"rendered":"<p>L&#8217;Alev\u00ed D FEGrama va guanyar per golejada al l\u00edder, el Catal\u00f2nia, per 8 a 2. Malgrat rebre un primer gol en contra, Mauro Arag\u00f3 empatava pocs minuts despr\u00e8s abans del minut 10. I la superioritat del conjunt de la Fundaci\u00f3 Grama es va veure passat el minut 20 quan dos gols seguits de Sergi Marzo [&hellip;]<\/p>\n","protected":false},"author":1,"featured_media":0,"comment_status":"closed","ping_status":"closed","sticky":false,"template":"","format":"standard","meta":{"footnotes":""},"categories":[10,4],"tags":[],"class_list":["post-4020","post","type-post","status-publish","format-standard","hentry","category-alevins","category-base-inclusiu"],"_links":{"self":[{"href":"http:\/\/fegrama.cat\/web\/wp-json\/wp\/v2\/posts\/4020","targetHints":{"allow":["GET"]}}],"collection":[{"href":"http:\/\/fegrama.cat\/web\/wp-json\/wp\/v2\/posts"}],"about":[{"href":"http:\/\/fegrama.cat\/web\/wp-json\/wp\/v2\/types\/post"}],"author":[{"embeddable":true,"href":"http:\/\/fegrama.cat\/web\/wp-json\/wp\/v2\/users\/1"}],"replies":[{"embeddable":true,"href":"http:\/\/fegrama.cat\/web\/wp-json\/wp\/v2\/comments?post=4020"}],"version-history":[{"count":2,"href":"http:\/\/fegrama.cat\/web\/wp-json\/wp\/v2\/posts\/4020\/revisions"}],"predecessor-version":[{"id":4024,"href":"http:\/\/fegrama.cat\/web\/wp-json\/wp\/v2\/posts\/4020\/revisions\/4024"}],"wp:attachment":[{"href":"http:\/\/fegrama.cat\/web\/wp-json\/wp\/v2\/media?parent=4020"}],"wp:term":[{"taxonomy":"category","embeddable":true,"href":"http:\/\/fegrama.cat\/web\/wp-json\/wp\/v2\/categories?post=4020"},{"taxonomy":"post_tag","embeddable":true,"href":"http:\/\/fegrama.cat\/web\/wp-json\/wp\/v2\/tags?post=4020"}],"curies":[{"name":"wp","href":"https:\/\/api.w.org\/{rel}","templated":true}]}}