{"id":4015,"date":"2014-05-11T09:32:15","date_gmt":"2014-05-11T07:32:15","guid":{"rendered":"http:\/\/fegrama.cat\/web\/?p=4015"},"modified":"2014-05-11T09:32:15","modified_gmt":"2014-05-11T07:32:15","slug":"lalevi-c-de-la-fegrama-remunta-dues-places-despres-de-guanyar-a-la-escola-pia-sarria-6-3","status":"publish","type":"post","link":"http:\/\/fegrama.cat\/web\/lalevi-c-de-la-fegrama-remunta-dues-places-despres-de-guanyar-a-la-escola-pia-sarria-6-3\/","title":{"rendered":"L&#8217;Alev\u00ed C de la FEGrama remunta dues places despr\u00e8s de guanyar a la Escola Pia Sarri\u00e0 (6-3)"},"content":{"rendered":"<p style=\"text-align: justify;\"><span style=\"color: #000000;\">L&#8217;Alev\u00ed C de la FEGrama torna a la seva din\u00e0mica guanyadora davant la Escola Pia Sarri\u00e0 (6-3) despr\u00e8s de caure a la seva visita a la Monta\u00f1esa per 5-3 que trencava la ratxa de vict\u00f2ries seguides.<\/span><\/p>\n<p style=\"text-align: justify;\"><span style=\"color: #000000;\">Tot i comen\u00e7ar rebent un gol en contra, Aitor Rodr\u00edguez empatava per al conjunt de Santa Coloma als vint minuts. Joel Rosa marcava per donar aventatja als locals i dos gols seguits d&#8217;Adri\u00e1n Guti\u00e9rrez pujava el marcador de 4-1 abans del descans.<\/span><\/p>\n<p style=\"text-align: justify;\"><span style=\"color: #000000;\">El gol definitiu de Pau \u00c1lvarez don\u00e0 els tres punts davant un rival directe que queda darrere. Aquest resultat de triomf, el conjunt de la Fundaci\u00f3 Grama remunta dues places fins la novena posici\u00f3 amb 31 punts i ficats en el grup d&#8217;equips amb m\u00e9s de 30 punts.<\/span><\/p>\n<p style=\"text-align: justify;\"><span style=\"color: #000000;\">A nom\u00e8s tres jornades del final de lliga, a la jornada seg\u00fcent la 28 el conjunt de la Fundaci\u00f3 Grama rebr\u00e0 descans per la retirada de la competici\u00f3 de la Fundaci\u00f3n Atletic Poble Sec.<\/span><\/p>\n<p style=\"text-align: justify;\"><a title=\"FOTOS\" href=\"https:\/\/plus.google.com\/photos\/113125192083830612262\/albums\/6011860651539458353?banner=pwa\" target=\"_blank\">Punxa aquest enlla\u00e7 per veure l&#8217;\u00e0lbum de la Fundaci\u00f3 Grama-Escola Pia Sarri\u00e0.<a href=\"http:\/\/fegrama.cat\/web\/wp-content\/uploads\/2014\/05\/corren-chematotgrama.jpg\"><img loading=\"lazy\" decoding=\"async\" class=\"aligncenter size-full wp-image-4017\" alt=\"OLYMPUS DIGITAL CAMERA\" src=\"http:\/\/fegrama.cat\/web\/wp-content\/uploads\/2014\/05\/corren-chematotgrama.jpg\" width=\"674\" height=\"532\" \/><\/a><\/a><\/p>\n<p style=\"text-align: justify;\"><a href=\"http:\/\/fegrama.cat\/web\/wp-content\/uploads\/2014\/05\/Alevin_-C_FEGRAMA-EscolaPiaSarria_@chemacarva005.jpg\"><img loading=\"lazy\" decoding=\"async\" class=\"aligncenter size-full wp-image-4018\" alt=\"Alevin_ C_FEGRAMA-EscolaPiaSarria_@chemacarva005\" src=\"http:\/\/fegrama.cat\/web\/wp-content\/uploads\/2014\/05\/Alevin_-C_FEGRAMA-EscolaPiaSarria_@chemacarva005.jpg\" width=\"640\" height=\"480\" \/><\/a><\/p>\n<p style=\"text-align: justify;\"><span style=\"color: #000000;\"><a href=\"http:\/\/fegrama.cat\/web\/wp-content\/uploads\/2014\/04\/Alevi_C_presentacio_2013_FUNDACIOGRAMA0423.jpg\"><span style=\"color: #000000;\"><img loading=\"lazy\" decoding=\"async\" alt=\"Alevi_C_presentacio_2013_FUNDACIOGRAMA042\" src=\"http:\/\/fegrama.cat\/web\/wp-content\/uploads\/2014\/04\/Alevi_C_presentacio_2013_FUNDACIOGRAMA0423.jpg\" width=\"640\" height=\"480\" \/><\/span><\/a><\/span><\/p>\n<p style=\"text-align: justify;\"><span style=\"color: #000000;\">[divider]<\/span><\/p>\n<p style=\"text-align: justify;\"><span style=\"color: #000000;\">[button color=\u00bbblue\u00bb size=\u00bbsmall\u00bb link=\u00bbhttp:\/\/www.fcf.cat\/pnfg\/NFG_CmpJornada?cod_primaria=1000120&amp;CodCompeticion=18473309&amp;CodGrupo=18578215&amp;CodTemporada=9&amp;CodJornada=10&#8243; target=\u00bbblank\u00bb ]Resultats[\/button]<\/span><\/p>\n<p style=\"text-align: justify;\"><span style=\"color: #000000;\">[button color=\u00bbblue\u00bb size=\u00bbsmall\u00bb link=\u00bbhttp:\/\/www.fcf.cat\/pnfg\/NPcd\/NFG_VisClasificacion?cod_primaria=1000120&amp;codgrupo=18578215&amp;codcompeticion=18473309&#8243; target=\u00bbblank\u00bb ]Classificaci\u00f3[\/button]<\/span><\/p>\n<p style=\"text-align: justify;\"><span style=\"color: #000000;\">El Alev\u00edn C de la FEGrama vuelve a su din\u00e1mica ganadora ante la Escuela Pia Sarri\u00e0 (6-3) despu\u00e9s de caer a su visita a la Monta\u00f1esa por 5-3 que romp\u00eda la racha de victorias seguidas.<\/span><\/p>\n<p style=\"text-align: justify;\"><span style=\"color: #000000;\">Aunque comenz\u00f3 recibiendo un gol en contra, Aitor Rodr\u00edguez empataba para el conjunto de Santa Coloma a los veinte minutos. Joel Rosa marcaba para dar aventaja a los locales y dos goles seguidos de Adri\u00e1n Guti\u00e9rrez sub\u00eda el marcador de 4-1 antes del descanso.<\/span><\/p>\n<p style=\"text-align: justify;\"><span style=\"color: #000000;\">El gol definitivo de Pablo \u00c1lvarez dio los tres puntos ante un rival directo que queda detr\u00e1s. Este resultado de triunfo, el conjunto de la Fundaci\u00f3n Grama remonta dos plazas hasta la novena posici\u00f3n con 31 puntos y metidos en el grupo de equipos con m\u00e1s de 30 puntos.<\/span><\/p>\n<p style=\"text-align: justify;\"><span style=\"color: #000000;\">A s\u00f3lo tres jornadas del final de liga, en la jornada siguiente la 28 el conjunto de la Fundaci\u00f3n Grama recibir\u00e1 descanso por la retirada de la competici\u00f3n de la Fundaci\u00f3n Atletic Poble Sec.<\/span><\/p>\n<p style=\"text-align: justify;\"><span style=\"color: #000000;\"><strong>Visca l&#8217;Esperit Grama!!!<\/strong><\/span><\/p>\n<p style=\"text-align: justify;\"><span style=\"color: #000000;\">Text i fotos: @ChemaCarva<\/span><\/p>\n","protected":false},"excerpt":{"rendered":"<p>L&#8217;Alev\u00ed C de la FEGrama torna a la seva din\u00e0mica guanyadora davant la Escola Pia Sarri\u00e0 (6-3) despr\u00e8s de caure a la seva visita a la Monta\u00f1esa per 5-3 que trencava la ratxa de vict\u00f2ries seguides. Tot i comen\u00e7ar rebent un gol en contra, Aitor Rodr\u00edguez empatava per al conjunt de Santa Coloma als vint [&hellip;]<\/p>\n","protected":false},"author":1,"featured_media":0,"comment_status":"closed","ping_status":"closed","sticky":false,"template":"","format":"standard","meta":{"footnotes":""},"categories":[10,4],"tags":[],"class_list":["post-4015","post","type-post","status-publish","format-standard","hentry","category-alevins","category-base-inclusiu"],"_links":{"self":[{"href":"http:\/\/fegrama.cat\/web\/wp-json\/wp\/v2\/posts\/4015","targetHints":{"allow":["GET"]}}],"collection":[{"href":"http:\/\/fegrama.cat\/web\/wp-json\/wp\/v2\/posts"}],"about":[{"href":"http:\/\/fegrama.cat\/web\/wp-json\/wp\/v2\/types\/post"}],"author":[{"embeddable":true,"href":"http:\/\/fegrama.cat\/web\/wp-json\/wp\/v2\/users\/1"}],"replies":[{"embeddable":true,"href":"http:\/\/fegrama.cat\/web\/wp-json\/wp\/v2\/comments?post=4015"}],"version-history":[{"count":1,"href":"http:\/\/fegrama.cat\/web\/wp-json\/wp\/v2\/posts\/4015\/revisions"}],"predecessor-version":[{"id":4019,"href":"http:\/\/fegrama.cat\/web\/wp-json\/wp\/v2\/posts\/4015\/revisions\/4019"}],"wp:attachment":[{"href":"http:\/\/fegrama.cat\/web\/wp-json\/wp\/v2\/media?parent=4015"}],"wp:term":[{"taxonomy":"category","embeddable":true,"href":"http:\/\/fegrama.cat\/web\/wp-json\/wp\/v2\/categories?post=4015"},{"taxonomy":"post_tag","embeddable":true,"href":"http:\/\/fegrama.cat\/web\/wp-json\/wp\/v2\/tags?post=4015"}],"curies":[{"name":"wp","href":"https:\/\/api.w.org\/{rel}","templated":true}]}}