{"id":4010,"date":"2014-05-11T09:13:44","date_gmt":"2014-05-11T07:13:44","guid":{"rendered":"http:\/\/fegrama.cat\/web\/?p=4010"},"modified":"2014-05-11T09:15:01","modified_gmt":"2014-05-11T07:15:01","slug":"linfantil-c-de-la-fegrama-guanya-per-golejada-el-derbi-davant-el-tiempo-6-1","status":"publish","type":"post","link":"http:\/\/fegrama.cat\/web\/linfantil-c-de-la-fegrama-guanya-per-golejada-el-derbi-davant-el-tiempo-6-1\/","title":{"rendered":"L&#8217;Infantil C de la FEGrama guanya per golejada el derbi davant El Tiempo (6-1)"},"content":{"rendered":"<p style=\"text-align: justify;\"><span style=\"color: #000000;\">L&#8217;Infantil C FEGrama no ha fallat a casa i a golejar al derbi de Santa Coloma davant la Agrupaci\u00f3n Deportiva El Tiempo per 6 a 1.\u00a0<\/span><\/p>\n<p style=\"text-align: justify;\"><span style=\"color: #000000;\">El partit va comen\u00e7ar amb un gol en contra al primer minut pero un quart d&#8217;hora despr\u00e8s Pablo Barbero empatava per al conjunt de la Fundaci\u00f3 Grama (1-1).<\/span><\/p>\n<p style=\"text-align: justify;\"><span style=\"color: #000000;\">A partir d&#8217;aqu\u00ed el joc i el marcador passaria a mans locals amb el segon gol de David Valdivia que donava ja la aventatja de la qual ja no renunciaria m\u00e9s el conjunt de\u00a0Rafa Muriel i Sergio Sierra.<\/span><\/p>\n<p style=\"text-align: justify;\"><span style=\"color: #000000;\">El 3-1 seria d&#8217;\u00c0lex Fern\u00e1ndez i tot seguir el segon particular de David Valdivia. Luka Liparteliani marcaria la maneta, 5-1, i Daniel Boya el definitiu 6 a 1 que donava els tres punts al Nou Municipal.<\/span><\/p>\n<p style=\"text-align: justify;\"><span style=\"color: #000000;\">A nom\u00e8s tres jornades per a la finalitzaci\u00f3 de la lliga, els jugadors entrenats per Rafa Muriel i Sergio Sierra voldran continuar a la quarta posici\u00f3 i sumar per pujar dels 45 punts encara que el Bufal\u00e0, seg\u00fcent equip i tercer a la taula estigui lluny amb 54 punts (provisionalment), i probar de puntuar a la jornada 28 viatjar\u00e0 al Complex Esportiu Municipal davant el C.D. Carmel, el diumenge 18 de maig des de les 9:30 hores.<\/span><\/p>\n<p style=\"text-align: justify;\"><a href=\"https:\/\/plus.google.com\/photos\/113125192083830612262\/albums\/6011856809783651697?banner=pwa\" target=\"_blank\">Punxa aqu\u00ed per veure l&#8217;\u00e0lbum de fotos de la Fundaci\u00f3 Grama davant El Tiempo<\/a><a href=\"http:\/\/fegrama.cat\/web\/wp-content\/uploads\/2014\/05\/Infantil_C_FEGRAM-A-ElTiempo-@chemacarva012.jpg\"><img loading=\"lazy\" decoding=\"async\" class=\"aligncenter size-full wp-image-4011\" alt=\"Infantil_C_FEGRAM A-ElTiempo-@chemacarva012\" src=\"http:\/\/fegrama.cat\/web\/wp-content\/uploads\/2014\/05\/Infantil_C_FEGRAM-A-ElTiempo-@chemacarva012.jpg\" width=\"640\" height=\"480\" \/><\/a> <a href=\"http:\/\/fegrama.cat\/web\/wp-content\/uploads\/2014\/05\/Infantil_C_FEGRAM-A-ElTiempo-@chemacarva013.jpg\"><img loading=\"lazy\" decoding=\"async\" class=\"aligncenter size-full wp-image-4012\" alt=\"Infantil_C_FEGRAM A-ElTiempo-@chemacarva013\" src=\"http:\/\/fegrama.cat\/web\/wp-content\/uploads\/2014\/05\/Infantil_C_FEGRAM-A-ElTiempo-@chemacarva013.jpg\" width=\"640\" height=\"480\" \/><\/a><\/p>\n<p style=\"text-align: justify;\"><span style=\"color: #000000;\"><a href=\"http:\/\/fegrama.cat\/web\/wp-content\/uploads\/2014\/04\/Infantil_C_presentacio_2013_FUNDACIOGRAMA0382.jpg\"><span style=\"color: #000000;\"><img loading=\"lazy\" decoding=\"async\" alt=\"Infantil_C_presentacio_2013_FUNDACIOGRAMA038\" src=\"http:\/\/fegrama.cat\/web\/wp-content\/uploads\/2014\/04\/Infantil_C_presentacio_2013_FUNDACIOGRAMA0382.jpg\" width=\"640\" height=\"480\" \/><\/span><\/a><\/span><\/p>\n<p style=\"text-align: justify;\"><span style=\"color: #000000;\">[divider]<\/span><\/p>\n<p style=\"text-align: justify;\"><span style=\"color: #000000;\">[button color=\u00bbblue\u00bb size=\u00bbsmall\u00bb link=\u00bbhttp:\/\/www.fcf.cat\/pnfg\/NFG_CmpJornada?cod_primaria=1000120&amp;CodCompeticion=18473303&amp;CodGrupo=18577730&amp;CodTemporada=9&amp;CodJornada=10&#8243; target=\u00bbblank\u00bb ]Resultats[\/button]<\/span><\/p>\n<p style=\"text-align: justify;\"><span style=\"color: #000000;\">[button color=\u00bbblue\u00bb size=\u00bbsmall\u00bb link=\u00bbhttp:\/\/www.fcf.cat\/pnfg\/NPcd\/NFG_VisClasificacion?cod_primaria=1000120&amp;codgrupo=18577730&amp;codcompeticion=18473303&#8243; target=\u00bbblank\u00bb ]Classificaci\u00f3[\/button]<\/span><\/p>\n<p style=\"text-align: justify;\"><span style=\"color: #000000;\">L&#8217;Infantil C FEGrama no ha fallat a casa i a golejar al derbi de Santa Coloma davant la Agrupaci\u00f3n Deportiva El Tiempo per 6 a 1.\u00a0<\/span><\/p>\n<p style=\"text-align: justify;\"><span style=\"color: #000000;\">El partit va comen\u00e7ar amb un gol en contra al primer minut pero un quart d&#8217;hora despr\u00e8s Pablo Barbero empatava per al conjunt de la Fundaci\u00f3 Grama (1-1).<\/span><\/p>\n<p style=\"text-align: justify;\"><span style=\"color: #000000;\">A partir d&#8217;aqu\u00ed el joc i el marcador passaria a mans locals amb el segon gol de David Valdivia que donava ja la aventatja de la qual ja no renunciaria m\u00e9s el conjunt de\u00a0Rafa Muriel i Sergio Sierra.<\/span><\/p>\n<p style=\"text-align: justify;\"><span style=\"color: #000000;\">El 3-1 seria d&#8217;\u00c0lex Fern\u00e1ndez i tot seguir el segon particular de David Valdivia. Luka Liparteliani marcaria la maneta, 5-1, i Daniel Boya el definitiu 6 a 1 que donava els tres punts al Nou Municipal.<\/span><\/p>\n<p style=\"text-align: justify;\"><span style=\"color: #000000;\">A nom\u00e8s tres jornades per a la finalitzaci\u00f3 de la lliga, els jugadors entrenats per Rafa Muriel i Sergio Sierra voldran continuar a la quarta posici\u00f3 i sumar per pujar dels 45 punts encara que el Bufal\u00e0, seg\u00fcent equip i tercer a la taula estigui lluny amb 54 punts (provisionalment), i probar de puntuar a la jornada 28\u00a0viatjar\u00e0 al Complex Esportiu Municipal davant el C.D. Carmel, el diumenge 18 de maig des de les 9:30 hores.<\/span><\/p>\n<p style=\"text-align: justify;\"><span style=\"color: #000000;\"><strong>Visca l&#8217;Esperit Grama!!!<\/strong><\/span><\/p>\n<p style=\"text-align: justify;\"><span style=\"color: #000000;\">Text i fotos: @ChemaCarva<\/span><\/p>\n<p style=\"text-align: justify;\"><span style=\"color: #000000;\">\u00a0<\/span><\/p>\n","protected":false},"excerpt":{"rendered":"<p>L&#8217;Infantil C FEGrama no ha fallat a casa i a golejar al derbi de Santa Coloma davant la Agrupaci\u00f3n Deportiva El Tiempo per 6 a 1.\u00a0 El partit va comen\u00e7ar amb un gol en contra al primer minut pero un quart d&#8217;hora despr\u00e8s Pablo Barbero empatava per al conjunt de la Fundaci\u00f3 Grama (1-1). A [&hellip;]<\/p>\n","protected":false},"author":1,"featured_media":0,"comment_status":"closed","ping_status":"closed","sticky":false,"template":"","format":"standard","meta":{"footnotes":""},"categories":[4,9],"tags":[],"class_list":["post-4010","post","type-post","status-publish","format-standard","hentry","category-base-inclusiu","category-infantils"],"_links":{"self":[{"href":"http:\/\/fegrama.cat\/web\/wp-json\/wp\/v2\/posts\/4010","targetHints":{"allow":["GET"]}}],"collection":[{"href":"http:\/\/fegrama.cat\/web\/wp-json\/wp\/v2\/posts"}],"about":[{"href":"http:\/\/fegrama.cat\/web\/wp-json\/wp\/v2\/types\/post"}],"author":[{"embeddable":true,"href":"http:\/\/fegrama.cat\/web\/wp-json\/wp\/v2\/users\/1"}],"replies":[{"embeddable":true,"href":"http:\/\/fegrama.cat\/web\/wp-json\/wp\/v2\/comments?post=4010"}],"version-history":[{"count":3,"href":"http:\/\/fegrama.cat\/web\/wp-json\/wp\/v2\/posts\/4010\/revisions"}],"predecessor-version":[{"id":4016,"href":"http:\/\/fegrama.cat\/web\/wp-json\/wp\/v2\/posts\/4010\/revisions\/4016"}],"wp:attachment":[{"href":"http:\/\/fegrama.cat\/web\/wp-json\/wp\/v2\/media?parent=4010"}],"wp:term":[{"taxonomy":"category","embeddable":true,"href":"http:\/\/fegrama.cat\/web\/wp-json\/wp\/v2\/categories?post=4010"},{"taxonomy":"post_tag","embeddable":true,"href":"http:\/\/fegrama.cat\/web\/wp-json\/wp\/v2\/tags?post=4010"}],"curies":[{"name":"wp","href":"https:\/\/api.w.org\/{rel}","templated":true}]}}