{"id":36284,"date":"2026-04-24T14:37:24","date_gmt":"2026-04-24T13:37:24","guid":{"rendered":"https:\/\/fegrama.cat\/web\/?p=36284"},"modified":"2026-04-24T14:37:25","modified_gmt":"2026-04-24T13:37:25","slug":"25e-torneig-inclusiu-de-sant-jordi","status":"publish","type":"post","link":"http:\/\/fegrama.cat\/web\/25e-torneig-inclusiu-de-sant-jordi\/","title":{"rendered":"25\u00e8 Torneig Inclusiu de Sant Jordi"},"content":{"rendered":"\n<p>El Municipal de la Grama va acollir, el passat dimecres 22 d\u2019abril, la 25a edici\u00f3 del Torneig de Futbol Inclusiu de Sant Jordi, una jornada ja consolidada al calendari que va tornar a posar en valor l\u2019esport com a eina d\u2019integraci\u00f3 i conviv\u00e8ncia.<\/p>\n\n\n\n<p>La cita va reunir els equips de Castellar, Arep, 3 Turons, Cornell\u00e0, Terrassa i la Fundaci\u00f3 Esportiva Grama, que van protagonitzar un mat\u00ed ple d\u2019emocions, companyonia i joc net sobre la gespa colomenca, en una edici\u00f3 molt especial per celebrar el quart de segle del torneig.<\/p>\n\n\n\n<p>Per part de la Fundaci\u00f3 Esportiva Grama, hi van ser presents el gerent Jos\u00e9 Manuel Morales, l\u2019entrenador del primer equip Roberto Morales i el delegat Diego Luque, aix\u00ed com el gerent d\u2019instal\u00b7lacions Rafa Ortiz, que va tenir un paper destacat dinamitzant la jornada des de la megafonia i coordinant l\u2019organitzaci\u00f3 perqu\u00e8 tot es desenvolup\u00e9s amb \u00e8xit.<\/p>\n\n\n\n<p>L\u2019esdeveniment tamb\u00e9 va comptar amb una \u00e0mplia representaci\u00f3 institucional de l\u2019Ajuntament de Santa Coloma. Hi van assistir l\u2019alcaldessa Mireia Gonz\u00e1lez, la tinenta d\u2019alcaldessa Sara Mart\u00ednez, el regidor d\u2019Esports Dani Salgado i la segona tinenta d\u2019alcaldessa Blanca Padr\u00f3s, mostrant el seu suport a una iniciativa que promou la inclusi\u00f3 a trav\u00e9s de l\u2019esport.<\/p>\n\n\n\n<p>Aquesta 25a edici\u00f3 va tornar a deixar imatges que van m\u00e9s enll\u00e0 del futbol, destacant valors com el respecte, la integraci\u00f3 i la il\u00b7lusi\u00f3 de tots els participants.<\/p>\n\n\n\n<p>Un gran mat\u00ed de futbol i valors a Santa Coloma. Seguim gaudint!<\/p>\n","protected":false},"excerpt":{"rendered":"<p>El Municipal de la Grama va acollir, el passat dimecres 22 d\u2019abril, la 25a edici\u00f3 del Torneig de Futbol Inclusiu de Sant Jordi, una jornada ja consolidada al calendari que va tornar a posar en valor l\u2019esport com a eina d\u2019integraci\u00f3 i conviv\u00e8ncia. La cita va reunir els equips de Castellar, Arep, 3 Turons, Cornell\u00e0, [&hellip;]<\/p>\n","protected":false},"author":1,"featured_media":36285,"comment_status":"closed","ping_status":"closed","sticky":false,"template":"","format":"standard","meta":{"footnotes":""},"categories":[14],"tags":[],"class_list":["post-36284","post","type-post","status-publish","format-standard","has-post-thumbnail","hentry","category-noticies"],"_links":{"self":[{"href":"http:\/\/fegrama.cat\/web\/wp-json\/wp\/v2\/posts\/36284","targetHints":{"allow":["GET"]}}],"collection":[{"href":"http:\/\/fegrama.cat\/web\/wp-json\/wp\/v2\/posts"}],"about":[{"href":"http:\/\/fegrama.cat\/web\/wp-json\/wp\/v2\/types\/post"}],"author":[{"embeddable":true,"href":"http:\/\/fegrama.cat\/web\/wp-json\/wp\/v2\/users\/1"}],"replies":[{"embeddable":true,"href":"http:\/\/fegrama.cat\/web\/wp-json\/wp\/v2\/comments?post=36284"}],"version-history":[{"count":1,"href":"http:\/\/fegrama.cat\/web\/wp-json\/wp\/v2\/posts\/36284\/revisions"}],"predecessor-version":[{"id":36286,"href":"http:\/\/fegrama.cat\/web\/wp-json\/wp\/v2\/posts\/36284\/revisions\/36286"}],"wp:featuredmedia":[{"embeddable":true,"href":"http:\/\/fegrama.cat\/web\/wp-json\/wp\/v2\/media\/36285"}],"wp:attachment":[{"href":"http:\/\/fegrama.cat\/web\/wp-json\/wp\/v2\/media?parent=36284"}],"wp:term":[{"taxonomy":"category","embeddable":true,"href":"http:\/\/fegrama.cat\/web\/wp-json\/wp\/v2\/categories?post=36284"},{"taxonomy":"post_tag","embeddable":true,"href":"http:\/\/fegrama.cat\/web\/wp-json\/wp\/v2\/tags?post=36284"}],"curies":[{"name":"wp","href":"https:\/\/api.w.org\/{rel}","templated":true}]}}