{"id":36277,"date":"2026-04-19T20:51:06","date_gmt":"2026-04-19T19:51:06","guid":{"rendered":"https:\/\/fegrama.cat\/web\/?p=36277"},"modified":"2026-04-19T20:51:07","modified_gmt":"2026-04-19T19:51:07","slug":"punt-competit-a-cornella-1-1","status":"publish","type":"post","link":"http:\/\/fegrama.cat\/web\/punt-competit-a-cornella-1-1\/","title":{"rendered":"Punt competit a Cornell\u00e0 (1-1)"},"content":{"rendered":"\n<p><em><strong>La Grama suma un empat treballat (1-1) en un camp exigent despr\u00e9s d\u2019un partit d\u2019alt nivell competitiu<\/strong><\/em><\/p>\n\n\n\n<p>La FE Grama va sumar un empat de molt m\u00e8rit al camp de la UE Cornell\u00e0 (1-1) en un partit intens, exigent i marcat per les constants alternatives. Un punt treballat que refor\u00e7a la l\u00ednia competitiva de l\u2019equip en un escenari sempre complicat.<\/p>\n\n\n\n<p>L\u2019inici dels colomencs va ser immillorable. Tot just al segon 20, Fran Orellana va disposar d\u2019una ocasi\u00f3 clar\u00edssima amb un xut que va refusar Mi\u00f1o. L\u2019equip havia sortit amb decisi\u00f3 i ho va continuar demostrant amb arribades perilloses: Alan, amb el cap, i Peris, de falta, van tornar a posar a prova el porter local.<\/p>\n\n\n\n<p>El Cornell\u00e0 tamb\u00e9 va respondre, amb Santi Guzm\u00e1n a punt de trobar porteria en una de les seves aproximacions. Al minut 29, els locals van veure com se\u2019ls anul\u00b7lava un gol per fora de joc. La Grama, lluny d\u2019arronsar-se, va seguir buscant el gol, i al 35\u2019 Iv\u00e1n va tenir una ocasi\u00f3 clar\u00edssima amb un xut creuat que va marxar fregant el pal despr\u00e9s d\u2019una gran acci\u00f3 col\u00b7lectiva.<\/p>\n\n\n\n<p>A la represa, el gui\u00f3 no podia comen\u00e7ar millor. Al minut 46, Fran Orellana es va plantar sol davant del porter i, aquesta vegada s\u00ed, va definir amb encert per fer el 0-1 i el seu des\u00e8 gol de la temporada.<\/p>\n\n\n\n<p>Amb l\u2019avantatge, el Cornell\u00e0 va fer un pas endavant i va apretar en busca de l\u2019empat. Al 68\u2019, Leo Dos Reis va enviar una pilota al travesser quan ja es cantava el gol, i al 76\u2019, Guiu va apar\u00e8ixer amb una gran estirada per mantenir l\u2019avantatge colomenc.<\/p>\n\n\n\n<p>Finalment, al minut 81, a la sortida d\u2019un c\u00f3rner, Gonzalo Pereira va aconseguir l\u2019empat amb una rematada de cap. El tram final va ser d\u2019anada i tornada constant, amb ocasions per als dos equips i una intensitat m\u00e0xima sota una calor exigent. Despr\u00e9s de set minuts d\u2019afegit, l\u2019\u00e0rbitre va assenyalar el final amb empat a 1.<\/p>\n\n\n\n<p>Un punt de molt valor en un camp complicat que confirma el comprom\u00eds i la capacitat competitiva de l\u2019equip. Queden 3 finals i la Grama ho donar\u00e0 tot per seguir lluitant fins al final.<\/p>\n\n\n\n<p>La propera jornada, diumenge a les 11:45h al Municipal de la Grama davant el CP San Crist\u00f3bal. \ud83d\udc99<\/p>\n","protected":false},"excerpt":{"rendered":"<p>La Grama suma un empat treballat (1-1) en un camp exigent despr\u00e9s d\u2019un partit d\u2019alt nivell competitiu La FE Grama va sumar un empat de molt m\u00e8rit al camp de la UE Cornell\u00e0 (1-1) en un partit intens, exigent i marcat per les constants alternatives. Un punt treballat que refor\u00e7a la l\u00ednia competitiva de l\u2019equip [&hellip;]<\/p>\n","protected":false},"author":1,"featured_media":36278,"comment_status":"closed","ping_status":"closed","sticky":false,"template":"","format":"standard","meta":{"footnotes":""},"categories":[14,5],"tags":[],"class_list":["post-36277","post","type-post","status-publish","format-standard","has-post-thumbnail","hentry","category-noticies","category-primer-equip"],"_links":{"self":[{"href":"http:\/\/fegrama.cat\/web\/wp-json\/wp\/v2\/posts\/36277","targetHints":{"allow":["GET"]}}],"collection":[{"href":"http:\/\/fegrama.cat\/web\/wp-json\/wp\/v2\/posts"}],"about":[{"href":"http:\/\/fegrama.cat\/web\/wp-json\/wp\/v2\/types\/post"}],"author":[{"embeddable":true,"href":"http:\/\/fegrama.cat\/web\/wp-json\/wp\/v2\/users\/1"}],"replies":[{"embeddable":true,"href":"http:\/\/fegrama.cat\/web\/wp-json\/wp\/v2\/comments?post=36277"}],"version-history":[{"count":1,"href":"http:\/\/fegrama.cat\/web\/wp-json\/wp\/v2\/posts\/36277\/revisions"}],"predecessor-version":[{"id":36279,"href":"http:\/\/fegrama.cat\/web\/wp-json\/wp\/v2\/posts\/36277\/revisions\/36279"}],"wp:featuredmedia":[{"embeddable":true,"href":"http:\/\/fegrama.cat\/web\/wp-json\/wp\/v2\/media\/36278"}],"wp:attachment":[{"href":"http:\/\/fegrama.cat\/web\/wp-json\/wp\/v2\/media?parent=36277"}],"wp:term":[{"taxonomy":"category","embeddable":true,"href":"http:\/\/fegrama.cat\/web\/wp-json\/wp\/v2\/categories?post=36277"},{"taxonomy":"post_tag","embeddable":true,"href":"http:\/\/fegrama.cat\/web\/wp-json\/wp\/v2\/tags?post=36277"}],"curies":[{"name":"wp","href":"https:\/\/api.w.org\/{rel}","templated":true}]}}