{"id":36222,"date":"2026-03-05T19:05:13","date_gmt":"2026-03-05T18:05:13","guid":{"rendered":"https:\/\/fegrama.cat\/web\/?p=36222"},"modified":"2026-03-05T19:05:18","modified_gmt":"2026-03-05T18:05:18","slug":"empat-treballat-a-casa-0-0","status":"publish","type":"post","link":"http:\/\/fegrama.cat\/web\/empat-treballat-a-casa-0-0\/","title":{"rendered":"Empat treballat a casa (0-0)"},"content":{"rendered":"\n<p><em><strong>La Grama competeix amb solidesa contra el Manresa i suma un punt al Municipal abans de visitar el camp del CE L\u2019Hospitalet<\/strong><\/em><\/p>\n\n\n\n<p>La Fundaci\u00f3 Esportiva Grama va sumar un punt davant el CE Manresa en un partit molt igualat disputat al Municipal de la Grama. Els colomencs van competir amb solidesa contra el segon classificat en un duel intens, amb poques ocasions clares i molta exig\u00e8ncia en totes dues \u00e0rees.<\/p>\n\n\n\n<p>El conjunt visitant va portar el pes de la possessi\u00f3 durant bona part del primer temps, tot i que sense generar excessiu perill sobre la porteria defensada per Guiu. La primera acci\u00f3 destacada va arribar al minut 11, quan el Manresa va estavellar una falta directa al pal. La Grama, ben plantada sobre el terreny de joc, buscava fer mal en transicions i amb accions puntuals. La millor oportunitat local de la primera meitat va ser un potent xut lluny\u00e0 d\u2019Ivan que va marxar fora per poc. Amb el marcador inicial es va arribar al descans.<\/p>\n\n\n\n<p>A la represa, el partit va mantenir un gui\u00f3 semblant, amb m\u00e0xima igualtat i molt treball al mig del camp. La Grama va anar creixent amb el pas dels minuts i al 60\u2019 va tenir la m\u00e9s clara del partit: Erik Rafael es va plantar sol davant el porter visitant, per\u00f2 aquest va encertar a refusar el m\u00e0 a m\u00e0 i evitar el gol colomenc.<\/p>\n\n\n\n<p>El Manresa tamb\u00e9 va tenir les seves aproximacions en aquesta segona meitat, per\u00f2 es va topar amb un segur Guiu sota pals, atent per mantenir la porteria a zero. Amb el pas dels minuts, el duel va continuar molt disputat, sense que cap dels dos equips aconsegu\u00eds trobar el cam\u00ed del gol.<\/p>\n\n\n\n<p>Finalment, repartiment de punts al Municipal de la Grama despr\u00e9s d\u2019un partit molt competitiu davant un rival de la zona alta de la classificaci\u00f3.<\/p>\n\n\n\n<p>La Grama tornar\u00e0 a la competici\u00f3 ben aviat, ja que en nom\u00e9s dos dies afrontar\u00e0 una nova jornada de lliga visitant el camp del CE L\u2019Hospitalet, dissabte a les 17:30h.<\/p>\n","protected":false},"excerpt":{"rendered":"<p>La Grama competeix amb solidesa contra el Manresa i suma un punt al Municipal abans de visitar el camp del CE L\u2019Hospitalet La Fundaci\u00f3 Esportiva Grama va sumar un punt davant el CE Manresa en un partit molt igualat disputat al Municipal de la Grama. Els colomencs van competir amb solidesa contra el segon classificat [&hellip;]<\/p>\n","protected":false},"author":1,"featured_media":36223,"comment_status":"closed","ping_status":"closed","sticky":false,"template":"","format":"standard","meta":{"footnotes":""},"categories":[14,5],"tags":[],"class_list":["post-36222","post","type-post","status-publish","format-standard","has-post-thumbnail","hentry","category-noticies","category-primer-equip"],"_links":{"self":[{"href":"http:\/\/fegrama.cat\/web\/wp-json\/wp\/v2\/posts\/36222","targetHints":{"allow":["GET"]}}],"collection":[{"href":"http:\/\/fegrama.cat\/web\/wp-json\/wp\/v2\/posts"}],"about":[{"href":"http:\/\/fegrama.cat\/web\/wp-json\/wp\/v2\/types\/post"}],"author":[{"embeddable":true,"href":"http:\/\/fegrama.cat\/web\/wp-json\/wp\/v2\/users\/1"}],"replies":[{"embeddable":true,"href":"http:\/\/fegrama.cat\/web\/wp-json\/wp\/v2\/comments?post=36222"}],"version-history":[{"count":1,"href":"http:\/\/fegrama.cat\/web\/wp-json\/wp\/v2\/posts\/36222\/revisions"}],"predecessor-version":[{"id":36224,"href":"http:\/\/fegrama.cat\/web\/wp-json\/wp\/v2\/posts\/36222\/revisions\/36224"}],"wp:featuredmedia":[{"embeddable":true,"href":"http:\/\/fegrama.cat\/web\/wp-json\/wp\/v2\/media\/36223"}],"wp:attachment":[{"href":"http:\/\/fegrama.cat\/web\/wp-json\/wp\/v2\/media?parent=36222"}],"wp:term":[{"taxonomy":"category","embeddable":true,"href":"http:\/\/fegrama.cat\/web\/wp-json\/wp\/v2\/categories?post=36222"},{"taxonomy":"post_tag","embeddable":true,"href":"http:\/\/fegrama.cat\/web\/wp-json\/wp\/v2\/tags?post=36222"}],"curies":[{"name":"wp","href":"https:\/\/api.w.org\/{rel}","templated":true}]}}