{"id":35891,"date":"2025-09-28T20:46:14","date_gmt":"2025-09-28T19:46:14","guid":{"rendered":"https:\/\/fegrama.cat\/web\/?p=35891"},"modified":"2025-09-28T20:46:15","modified_gmt":"2025-09-28T19:46:15","slug":"gran-remuntada-de-la-grama-a-tona-1-3","status":"publish","type":"post","link":"http:\/\/fegrama.cat\/web\/gran-remuntada-de-la-grama-a-tona-1-3\/","title":{"rendered":"Gran remuntada de la Grama a Tona (1-3)"},"content":{"rendered":"\n<p><em><strong>Els gols de Bonilla, Canteras i Padillo donen tres punts d\u2019or en un partit d\u2019ofici de tot l&#8217;equip colomenc<\/strong><\/em><\/p>\n\n\n\n<p>La FE Grama va signar una vict\u00f2ria de prestigi al camp de la UE Tona (1-3) en un partit que va comen\u00e7ar amb dificultats, per\u00f2 que va acabar demostrant la solidesa i la capacitat competitiva de l\u2019equip dirigit per Roberto Morales.<\/p>\n\n\n\n<p>L\u2019inici no va ser f\u00e0cil. Els locals van sortir amb m\u00e9s empenta i, al minut 5, Cama\u00f1o va rematar de cap una centrada per avan\u00e7ar el Tona (1-0). Durant la primera mitja hora, els osonencs van tenir el domini i van mantenir la Grama a la defensiva. Tot i aix\u00f2, l\u2019equip colomenc no va perdre la calma i, a partir del minut 35, va reaccionar amb intensitat. La pressi\u00f3 alta va donar resultat i Pepe Bonilla va aprofitar una pilota robada a camp rival per empatar (36\u2019), un gol que va canviar completament el rumb del partit. Amb l\u20191-1 es va arribar al descans, i amb la sensaci\u00f3 que la Grama havia recuperat espai al terreny de joc.<\/p>\n\n\n\n<p>La segona part va confirmar aquesta tend\u00e8ncia. Al minut 51, una acci\u00f3 a pilota aturada va permetre a Canteras, assistit per Alan, fer l\u20191-2 amb una rematada precisa. L\u2019equip estava endollat i, nom\u00e9s vuit minuts despr\u00e9s, Padillo va culminar una gran jugada amb un xut creuat que, despr\u00e9s de tocar el pal, es va convertir en el tercer gol colomenc (59\u2019). L\u20191-3 encarrilava un triomf que premiava l\u2019ambici\u00f3 i l\u2019encert ofensiu de la Grama.<\/p>\n\n\n\n<p>A partir d\u2019aqu\u00ed, el conjunt colomenc va saber jugar amb intel\u00b7lig\u00e8ncia i solidesa. La defensa va neutralitzar els intents del Tona i el mig del camp va mantenir la calma per assegurar el resultat. El partit tamb\u00e9 va deixar un moment especial: el debut oficial de Cesc Rius amb la samarreta de la FE Grama, un senyal m\u00e9s de la confian\u00e7a en els joves talents.<\/p>\n\n\n\n<p>Amb aquesta vict\u00f2ria, la FE Grama suma tres punts molt valuosos que reforcen l\u2019\u00e0nim del grup i consoliden el seu bon inici de temporada. Ara, el proper repte ser\u00e0 diumenge a les 12:00h al camp del Can Vidalet, en un nou despla\u00e7ament on l\u2019equip buscar\u00e0 mantenir la bona din\u00e0mica.<\/p>\n\n\n\n<hr class=\"wp-block-separator has-alpha-channel-opacity\"\/>\n\n\n\n<p><em><strong>Los goles de Bonilla, Canteras y Padillo dan tres puntos de oro en un partido de oficio de todo el equipo colomense.<\/strong><\/em><\/p>\n\n\n\n<p>La FE Grama firm\u00f3 una victoria de prestigio en el campo de la UE Tona (1-3) en un partido que empez\u00f3 con dificultades, pero que acab\u00f3 demostrando la solidez y la capacidad competitiva del equipo dirigido por Roberto Morales.<\/p>\n\n\n\n<p>El inicio no fue f\u00e1cil. Los locales salieron con m\u00e1s empuje y, en el minuto 5, Cama\u00f1o remat\u00f3 de cabeza un centro para adelantar al Tona (1-0). Durante la primera media hora, los osonenses llevaron la iniciativa y mantuvieron a la Grama a la defensiva. Aun as\u00ed, el equipo colomense no perdi\u00f3 la calma y, a partir del minuto 35, reaccion\u00f3 con intensidad. La presi\u00f3n alta dio resultado y Pepe Bonilla aprovech\u00f3 un bal\u00f3n robado en campo rival para empatar (36\u2019), un gol que cambi\u00f3 por completo el rumbo del partido. Con el 1-1 se lleg\u00f3 al descanso, y con la sensaci\u00f3n de que la Grama hab\u00eda recuperado terreno en el juego.<\/p>\n\n\n\n<p>La segunda parte confirm\u00f3 esa tendencia. En el minuto 51, una acci\u00f3n a bal\u00f3n parado permiti\u00f3 a Canteras, asistido por Alan, hacer el 1-2 con un remate preciso. El equipo estaba enchufado y, solo ocho minutos despu\u00e9s, Padillo culmin\u00f3 una gran jugada con un disparo cruzado que, tras tocar en el palo, se convirti\u00f3 en el tercer gol colomense (59\u2019). El 1-3 encarrilaba un triunfo que premiaba la ambici\u00f3n y el acierto ofensivo de la Grama.<\/p>\n\n\n\n<p>A partir de ah\u00ed, el conjunto colomense supo jugar con inteligencia y solidez. La defensa neutraliz\u00f3 los intentos del Tona y el centro del campo mantuvo la calma para asegurar el resultado. El partido tambi\u00e9n dej\u00f3 un momento especial: el debut oficial de Cesc Rius con la camiseta de la FE Grama, una se\u00f1al m\u00e1s de la confianza en los j\u00f3venes talentos.<\/p>\n\n\n\n<p>Con esta victoria, la FE Grama suma tres puntos muy valiosos que refuerzan el \u00e1nimo del grupo y consolidan su buen inicio de temporada. Ahora, el pr\u00f3ximo reto ser\u00e1 el domingo a las 12:00h en el campo del Can Vidalet, en un nuevo desplazamiento en el que el equipo buscar\u00e1 mantener la buena din\u00e1mica.<\/p>\n","protected":false},"excerpt":{"rendered":"<p>Els gols de Bonilla, Canteras i Padillo donen tres punts d\u2019or en un partit d\u2019ofici de tot l&#8217;equip colomenc La FE Grama va signar una vict\u00f2ria de prestigi al camp de la UE Tona (1-3) en un partit que va comen\u00e7ar amb dificultats, per\u00f2 que va acabar demostrant la solidesa i la capacitat competitiva de [&hellip;]<\/p>\n","protected":false},"author":8,"featured_media":35892,"comment_status":"closed","ping_status":"closed","sticky":false,"template":"","format":"standard","meta":{"footnotes":""},"categories":[14,5],"tags":[],"class_list":["post-35891","post","type-post","status-publish","format-standard","has-post-thumbnail","hentry","category-noticies","category-primer-equip"],"_links":{"self":[{"href":"http:\/\/fegrama.cat\/web\/wp-json\/wp\/v2\/posts\/35891","targetHints":{"allow":["GET"]}}],"collection":[{"href":"http:\/\/fegrama.cat\/web\/wp-json\/wp\/v2\/posts"}],"about":[{"href":"http:\/\/fegrama.cat\/web\/wp-json\/wp\/v2\/types\/post"}],"author":[{"embeddable":true,"href":"http:\/\/fegrama.cat\/web\/wp-json\/wp\/v2\/users\/8"}],"replies":[{"embeddable":true,"href":"http:\/\/fegrama.cat\/web\/wp-json\/wp\/v2\/comments?post=35891"}],"version-history":[{"count":1,"href":"http:\/\/fegrama.cat\/web\/wp-json\/wp\/v2\/posts\/35891\/revisions"}],"predecessor-version":[{"id":35893,"href":"http:\/\/fegrama.cat\/web\/wp-json\/wp\/v2\/posts\/35891\/revisions\/35893"}],"wp:featuredmedia":[{"embeddable":true,"href":"http:\/\/fegrama.cat\/web\/wp-json\/wp\/v2\/media\/35892"}],"wp:attachment":[{"href":"http:\/\/fegrama.cat\/web\/wp-json\/wp\/v2\/media?parent=35891"}],"wp:term":[{"taxonomy":"category","embeddable":true,"href":"http:\/\/fegrama.cat\/web\/wp-json\/wp\/v2\/categories?post=35891"},{"taxonomy":"post_tag","embeddable":true,"href":"http:\/\/fegrama.cat\/web\/wp-json\/wp\/v2\/tags?post=35891"}],"curies":[{"name":"wp","href":"https:\/\/api.w.org\/{rel}","templated":true}]}}