{"id":35888,"date":"2025-09-27T21:14:57","date_gmt":"2025-09-27T20:14:57","guid":{"rendered":"https:\/\/fegrama.cat\/web\/?p=35888"},"modified":"2025-09-27T21:14:57","modified_gmt":"2025-09-27T20:14:57","slug":"el-juvenil-a-sestrena-a-casa-amb-una-victoria-solvent-davant-el-ce-vilassar-2-0","status":"publish","type":"post","link":"http:\/\/fegrama.cat\/web\/el-juvenil-a-sestrena-a-casa-amb-una-victoria-solvent-davant-el-ce-vilassar-2-0\/","title":{"rendered":"El Juvenil A s\u2019estrena a casa amb una vict\u00f2ria solvent davant el CE Vilassar (2-0)"},"content":{"rendered":"\n<p><em><strong>Els gols de Khalid i Izan Barrena a la primera mitja hora de joc decideixen un partit dominat pels colomencs<\/strong><\/em><\/p>\n\n\n\n<p>El Juvenil A de la FE Grama va sumar la seva primera vict\u00f2ria de la temporada amb un triomf convincent davant el CE Vilassar (2-0), en un partit disputat dissabte a la tarda al Municipal de la Grama.<\/p>\n\n\n\n<p>L\u2019equip de Toni Pons va sortir molt endollat des de l\u2019inici i ben aviat va trobar premi al seu domini. Quan nom\u00e9s s\u2019havien disputat dos minuts, Khalid va aprofitar una bona acci\u00f3 ofensiva per inaugurar el marcador i posar en avantatge als colomencs. L\u2019inici va marcar el to d\u2019una primera part on la Grama es va mostrar molt superior i ambici\u00f3s en atac. Al minut 30, Izan Barrena va culminar un bon contracop amb el 2-0, que encarrilava el partit abans del descans.<\/p>\n\n\n\n<p>A la segona meitat, el conjunt colomenc va gestionar amb encert el resultat i fins i tot va gaudir d&#8217;oportunitats per augmentar la renda. Tot i els intents del Vilassar per retallar dist\u00e0ncies, la solidesa defensiva i el bon treball col\u00b7lectiu de la Grama van impedir que els visitants trobessin opcions clares de gol. Els colomencs, per la seva banda, van saber contemporitzar i mantenir el control del partit fins al xiulet final per assegurar la primera vict\u00f2ria de la temporada.<\/p>\n\n\n\n<p>Amb aquest triomf, el Juvenil A suma tres punts molt importants i confirma les bones sensacions de l\u2019inici de temporada. El proper partit ser\u00e0 dissabte a les 18:00h contra el FC Barcelona al Municipal de la Grama.<\/p>\n\n\n\n<hr class=\"wp-block-separator has-alpha-channel-opacity\"\/>\n\n\n\n<p><em><strong>Los goles de Khalid e Izan Barrena en la primera media hora de juego deciden un partido dominado por los colomenses.<\/strong><\/em><\/p>\n\n\n\n<p>El Juvenil A de la FE Grama sum\u00f3 su primera victoria de la temporada con un triunfo convincente ante el CE Vilassar (2-0), en un partido disputado el s\u00e1bado por la tarde en el Municipal de la Grama.<\/p>\n\n\n\n<p>El equipo de Toni Pons sali\u00f3 muy enchufado desde el inicio y pronto encontr\u00f3 premio a su dominio. Cuando apenas se hab\u00edan disputado dos minutos, Khalid aprovech\u00f3 una buena acci\u00f3n ofensiva para inaugurar el marcador y poner en ventaja a los colomenses. El inicio marc\u00f3 el tono de una primera parte en la que la Grama se mostr\u00f3 muy superior y ambiciosa en ataque. En el minuto 30, Izan Barrena culmin\u00f3 un buen contragolpe con el 2-0, que encarrilaba el partido antes del descanso.<\/p>\n\n\n\n<p>En la segunda mitad, el conjunto colomense gestion\u00f3 con acierto el resultado e incluso dispuso de oportunidades para aumentar la renta. A pesar de los intentos del Vilassar por recortar distancias, la solidez defensiva y el buen trabajo colectivo de la Grama impidieron que los visitantes encontraran opciones claras de gol. Los colomenses, por su parte, supieron contemporizar y mantener el control del partido hasta el pitido final para asegurar la primera victoria de la temporada.<\/p>\n\n\n\n<p>Con este triunfo, el Juvenil A suma tres puntos muy importantes y confirma las buenas sensaciones de este inicio de temporada. El pr\u00f3ximo partido ser\u00e1 el s\u00e1bado a las 18:00h contra el FC Barcelona en el Municipal de la Grama.<\/p>\n","protected":false},"excerpt":{"rendered":"<p>Els gols de Khalid i Izan Barrena a la primera mitja hora de joc decideixen un partit dominat pels colomencs El Juvenil A de la FE Grama va sumar la seva primera vict\u00f2ria de la temporada amb un triomf convincent davant el CE Vilassar (2-0), en un partit disputat dissabte a la tarda al Municipal [&hellip;]<\/p>\n","protected":false},"author":1,"featured_media":35889,"comment_status":"closed","ping_status":"closed","sticky":false,"template":"","format":"standard","meta":{"footnotes":""},"categories":[14,5],"tags":[],"class_list":["post-35888","post","type-post","status-publish","format-standard","has-post-thumbnail","hentry","category-noticies","category-primer-equip"],"_links":{"self":[{"href":"http:\/\/fegrama.cat\/web\/wp-json\/wp\/v2\/posts\/35888","targetHints":{"allow":["GET"]}}],"collection":[{"href":"http:\/\/fegrama.cat\/web\/wp-json\/wp\/v2\/posts"}],"about":[{"href":"http:\/\/fegrama.cat\/web\/wp-json\/wp\/v2\/types\/post"}],"author":[{"embeddable":true,"href":"http:\/\/fegrama.cat\/web\/wp-json\/wp\/v2\/users\/1"}],"replies":[{"embeddable":true,"href":"http:\/\/fegrama.cat\/web\/wp-json\/wp\/v2\/comments?post=35888"}],"version-history":[{"count":1,"href":"http:\/\/fegrama.cat\/web\/wp-json\/wp\/v2\/posts\/35888\/revisions"}],"predecessor-version":[{"id":35890,"href":"http:\/\/fegrama.cat\/web\/wp-json\/wp\/v2\/posts\/35888\/revisions\/35890"}],"wp:featuredmedia":[{"embeddable":true,"href":"http:\/\/fegrama.cat\/web\/wp-json\/wp\/v2\/media\/35889"}],"wp:attachment":[{"href":"http:\/\/fegrama.cat\/web\/wp-json\/wp\/v2\/media?parent=35888"}],"wp:term":[{"taxonomy":"category","embeddable":true,"href":"http:\/\/fegrama.cat\/web\/wp-json\/wp\/v2\/categories?post=35888"},{"taxonomy":"post_tag","embeddable":true,"href":"http:\/\/fegrama.cat\/web\/wp-json\/wp\/v2\/tags?post=35888"}],"curies":[{"name":"wp","href":"https:\/\/api.w.org\/{rel}","templated":true}]}}