{"id":35799,"date":"2025-08-29T11:26:48","date_gmt":"2025-08-29T10:26:48","guid":{"rendered":"https:\/\/fegrama.cat\/web\/?p=35799"},"modified":"2025-08-29T14:00:53","modified_gmt":"2025-08-29T13:00:53","slug":"ultim-test-de-pretemporada-davant-del-girona-fc-b","status":"publish","type":"post","link":"http:\/\/fegrama.cat\/web\/ultim-test-de-pretemporada-davant-del-girona-fc-b\/","title":{"rendered":"\u00daltim test de pretemporada davant del Girona FC \u201cB\u201d"},"content":{"rendered":"\n<p>La FE Grama afronta aquest dissabte a les 19:00h al Nou Municipal de la Grama el darrer partit de la pretemporada 2025\/26, enfront del Girona FC \u201cB\u201d. Ser\u00e0 l\u2019\u00faltim assaig abans de l\u2019inici oficial de la lliga, un duel que permetr\u00e0 calibrar l\u2019estat de forma de l\u2019equip i tancar unes setmanes d\u2019intensa preparaci\u00f3.<\/p>\n\n\n\n<p>Els de Roberto Morales arriben a la cita amb bones sensacions i amb la voluntat de seguir creixent com a grup. La pretemporada ha servit per sumar minuts, donar rodatge a tota la plantilla i refor\u00e7ar la idea de joc que l\u2019entrenador vol transmetre. Contra un rival de nivell com el filial giron\u00ed, l\u2019equip tindr\u00e0 l\u2019oportunitat de posar a prova tot el treball realitzat fins ara.<\/p>\n\n\n\n<p>El Girona FC \u201cB\u201d es presenta com un adversari exigent, amb joves talents formats en una pedrera de primer nivell i amb un estil intens que obligar\u00e0 la Grama a mostrar la seva millor versi\u00f3. L&#8217;equip entrenat per Quique \u00c1lvarez competir\u00e0 aquesta temporada a Segona Federaci\u00f3 despr\u00e8s de l&#8217;ascens aconseguit durant el darrer curs.<\/p>\n\n\n\n<p>Aquest duel tamb\u00e9 servir\u00e0 per connectar amb l\u2019afici\u00f3 colomenca, que tindr\u00e0 l\u2019oportunitat de veure per \u00faltima vegada els seus jugadors abans de l\u2019inici de lliga. El suport de la grada ser\u00e0 un impuls clau per comen\u00e7ar el curs amb la m\u00e0xima confian\u00e7a i motivaci\u00f3. Dissabte, doncs, el Municipal es vestir\u00e0 de futbol per acomiadar la pretemporada. Un partit amb atractiu, exig\u00e8ncia i il\u00b7lusi\u00f3, que marcar\u00e0 el punt i final a la preparaci\u00f3 i donar\u00e0 pas a la competici\u00f3 oficial.<\/p>\n","protected":false},"excerpt":{"rendered":"<p>La FE Grama afronta aquest dissabte a les 19:00h al Nou Municipal de la Grama el darrer partit de la pretemporada 2025\/26, enfront del Girona FC \u201cB\u201d. Ser\u00e0 l\u2019\u00faltim assaig abans de l\u2019inici oficial de la lliga, un duel que permetr\u00e0 calibrar l\u2019estat de forma de l\u2019equip i tancar unes setmanes d\u2019intensa preparaci\u00f3. Els de [&hellip;]<\/p>\n","protected":false},"author":8,"featured_media":35800,"comment_status":"closed","ping_status":"closed","sticky":false,"template":"","format":"standard","meta":{"footnotes":""},"categories":[14,1334,5],"tags":[],"class_list":["post-35799","post","type-post","status-publish","format-standard","has-post-thumbnail","hentry","category-noticies","category-previes","category-primer-equip"],"_links":{"self":[{"href":"http:\/\/fegrama.cat\/web\/wp-json\/wp\/v2\/posts\/35799","targetHints":{"allow":["GET"]}}],"collection":[{"href":"http:\/\/fegrama.cat\/web\/wp-json\/wp\/v2\/posts"}],"about":[{"href":"http:\/\/fegrama.cat\/web\/wp-json\/wp\/v2\/types\/post"}],"author":[{"embeddable":true,"href":"http:\/\/fegrama.cat\/web\/wp-json\/wp\/v2\/users\/8"}],"replies":[{"embeddable":true,"href":"http:\/\/fegrama.cat\/web\/wp-json\/wp\/v2\/comments?post=35799"}],"version-history":[{"count":4,"href":"http:\/\/fegrama.cat\/web\/wp-json\/wp\/v2\/posts\/35799\/revisions"}],"predecessor-version":[{"id":35808,"href":"http:\/\/fegrama.cat\/web\/wp-json\/wp\/v2\/posts\/35799\/revisions\/35808"}],"wp:featuredmedia":[{"embeddable":true,"href":"http:\/\/fegrama.cat\/web\/wp-json\/wp\/v2\/media\/35800"}],"wp:attachment":[{"href":"http:\/\/fegrama.cat\/web\/wp-json\/wp\/v2\/media?parent=35799"}],"wp:term":[{"taxonomy":"category","embeddable":true,"href":"http:\/\/fegrama.cat\/web\/wp-json\/wp\/v2\/categories?post=35799"},{"taxonomy":"post_tag","embeddable":true,"href":"http:\/\/fegrama.cat\/web\/wp-json\/wp\/v2\/tags?post=35799"}],"curies":[{"name":"wp","href":"https:\/\/api.w.org\/{rel}","templated":true}]}}