{"id":35782,"date":"2025-08-22T11:05:48","date_gmt":"2025-08-22T10:05:48","guid":{"rendered":"https:\/\/fegrama.cat\/web\/?p=35782"},"modified":"2025-08-22T11:31:10","modified_gmt":"2025-08-22T10:31:10","slug":"cap-de-setmana-de-doble-partit-al-municipal-de-la-grama","status":"publish","type":"post","link":"http:\/\/fegrama.cat\/web\/cap-de-setmana-de-doble-partit-al-municipal-de-la-grama\/","title":{"rendered":"Cap de setmana de doble partit al Municipal de la Grama"},"content":{"rendered":"\n<p><strong><em>La Grama rep les visites de Cerdanyola FC i UA Horta, dissabte a les 19:30h i diumenge a les 20:00h, respectivament<\/em><\/strong><\/p>\n\n\n\n<p>La FE Grama t\u00e9 per davant un cap de setmana intens i apassionant al Municipal de la Grama, amb fins a tres partits de pretemporada (2 del primer equip i 1 del Juvenil A) que tornaran a omplir de futbol colomenc la gespa de Santa Coloma.<\/p>\n\n\n\n<p>El primer test arribar\u00e0 dissabte a les 19:30h davant el Cerdanyola FC, equip que tamb\u00e9 competir\u00e0 aquesta temporada a Tercera RFEF. Ser\u00e0 una prova d&#8217;exig\u00e8ncia per als de Roberto Morales, que tindran davant un rival directe i que exigir\u00e0 el millor nivell dels colomencs per seguir creixent en ritme, solidesa i confian\u00e7a.<\/p>\n\n\n\n<p>El cap de setmana continuar\u00e0 diumenge a les 20:00h amb el duel contra la UA Horta, conjunt de Lliga Elit. Un enfrontament ideal per seguir acumulant minuts i rodar automatismes, amb l\u2019objectiu de donar continu\u00eftat a les bones sensacions mostrades en l\u2019\u00faltim amist\u00f3s davant la UE Rub\u00ed.<\/p>\n\n\n\n<p>A banda del primer equip, tamb\u00e9 ser\u00e0 un cap de setmana especial per a la base. El Juvenil A disputar\u00e0 diumenge a les 17:30h el seu primer partit a casa davant el Bellvitge. L\u2019estrena al Municipal arriba carregada d\u2019il\u00b7lusi\u00f3 per a un grup que treballa amb ambici\u00f3 per afrontar una temporada de m\u00e0xim nivell a Lliga Nacional Juvenil.<\/p>\n\n\n\n<p>En resum, un cap de setmana on l\u2019afici\u00f3 colomenca tindr\u00e0 l\u2019oportunitat de gaudir del futbol de la Grama en tres partits diferents per\u00f2 amb un mateix objectiu: seguir creixent junts i preparar-se per a una temporada il\u00b7lusionant.<\/p>\n\n\n\n<p>&#8212; <\/p>\n\n\n\n<p><em><strong>La Grama recibe las visitas de Cerdanyola FC y UA Horta, el s\u00e1bado a las 19:30h y el domingo a las 20:00h, respectivamente.<\/strong><\/em><\/p>\n\n\n\n<p>La FE Grama tiene por delante un fin de semana intenso y apasionante en el Municipal de la Grama, con hasta tres partidos de pretemporada (2 del primer equipo y 1 del Juvenil A) que volver\u00e1n a llenar de f\u00fatbol colomense el c\u00e9sped de Santa Coloma.<\/p>\n\n\n\n<p>La primera prueba llegar\u00e1 el s\u00e1bado a las 19:30h ante el Cerdanyola FC, equipo que tambi\u00e9n competir\u00e1 esta temporada en Tercera RFEF. Ser\u00e1 un test de exigencia para los de Roberto Morales, que tendr\u00e1n enfrente a un rival directo y que exigir\u00e1 el mejor nivel de los colomenses para seguir creciendo en ritmo, solidez y confianza.<\/p>\n\n\n\n<p>El fin de semana continuar\u00e1 el domingo a las 20:00h con el duelo contra la UA Horta, conjunto de Lliga Elit. Un enfrentamiento ideal para seguir acumulando minutos y rodar automatismos, con el objetivo de dar continuidad a las buenas sensaciones mostradas en el \u00faltimo amistoso ante la UE Rub\u00ed.<\/p>\n\n\n\n<p>Adem\u00e1s del primer equipo, tambi\u00e9n ser\u00e1 un fin de semana especial para la base. El Juvenil A disputar\u00e1 el domingo a las 17:30h su primer partido en casa ante el Bellvitge. El estreno en el Municipal llega cargado de ilusi\u00f3n para un grupo que trabaja con ambici\u00f3n para afrontar una temporada de m\u00e1ximo nivel en Liga Nacional Juvenil.<\/p>\n\n\n\n<p>En resumen, un fin de semana en el que la afici\u00f3n colomense tendr\u00e1 la oportunidad de disfrutar del f\u00fatbol de la Grama en tres partidos diferentes pero con un mismo objetivo: seguir creciendo juntos y prepararse para una temporada ilusionante.<\/p>\n","protected":false},"excerpt":{"rendered":"<p>La Grama rep les visites de Cerdanyola FC i UA Horta, dissabte a les 19:30h i diumenge a les 20:00h, respectivament La FE Grama t\u00e9 per davant un cap de setmana intens i apassionant al Municipal de la Grama, amb fins a tres partits de pretemporada (2 del primer equip i 1 del Juvenil A) [&hellip;]<\/p>\n","protected":false},"author":1,"featured_media":35783,"comment_status":"closed","ping_status":"closed","sticky":false,"template":"","format":"standard","meta":{"footnotes":""},"categories":[14,1334,5],"tags":[],"class_list":["post-35782","post","type-post","status-publish","format-standard","has-post-thumbnail","hentry","category-noticies","category-previes","category-primer-equip"],"_links":{"self":[{"href":"http:\/\/fegrama.cat\/web\/wp-json\/wp\/v2\/posts\/35782","targetHints":{"allow":["GET"]}}],"collection":[{"href":"http:\/\/fegrama.cat\/web\/wp-json\/wp\/v2\/posts"}],"about":[{"href":"http:\/\/fegrama.cat\/web\/wp-json\/wp\/v2\/types\/post"}],"author":[{"embeddable":true,"href":"http:\/\/fegrama.cat\/web\/wp-json\/wp\/v2\/users\/1"}],"replies":[{"embeddable":true,"href":"http:\/\/fegrama.cat\/web\/wp-json\/wp\/v2\/comments?post=35782"}],"version-history":[{"count":2,"href":"http:\/\/fegrama.cat\/web\/wp-json\/wp\/v2\/posts\/35782\/revisions"}],"predecessor-version":[{"id":35786,"href":"http:\/\/fegrama.cat\/web\/wp-json\/wp\/v2\/posts\/35782\/revisions\/35786"}],"wp:featuredmedia":[{"embeddable":true,"href":"http:\/\/fegrama.cat\/web\/wp-json\/wp\/v2\/media\/35783"}],"wp:attachment":[{"href":"http:\/\/fegrama.cat\/web\/wp-json\/wp\/v2\/media?parent=35782"}],"wp:term":[{"taxonomy":"category","embeddable":true,"href":"http:\/\/fegrama.cat\/web\/wp-json\/wp\/v2\/categories?post=35782"},{"taxonomy":"post_tag","embeddable":true,"href":"http:\/\/fegrama.cat\/web\/wp-json\/wp\/v2\/tags?post=35782"}],"curies":[{"name":"wp","href":"https:\/\/api.w.org\/{rel}","templated":true}]}}