{"id":35777,"date":"2025-08-21T13:24:37","date_gmt":"2025-08-21T12:24:37","guid":{"rendered":"https:\/\/fegrama.cat\/web\/?p=35777"},"modified":"2025-08-21T13:25:06","modified_gmt":"2025-08-21T12:25:06","slug":"primer-triomf-de-la-pretemporada-3-0","status":"publish","type":"post","link":"http:\/\/fegrama.cat\/web\/primer-triomf-de-la-pretemporada-3-0\/","title":{"rendered":"Primer triomf de la pretemporada (3-0)"},"content":{"rendered":"\n<p><em><strong>Un inici fulgurant i un final efectiu segellen la primera vict\u00f2ria de la pretemporada al Municipal<\/strong><\/em><\/p>\n\n\n\n<p>El Municipal de la Grama va acollir aquest dimecres el tercer amist\u00f3s de la pretemporada, amb un partit molt complet dels de Roberto Morales, que es van imposar amb claredat a la UE Rub\u00ed, conjunt de Lliga Elit entrenat per l\u2019exgramenc Jos\u00e9 Solivelles.<\/p>\n\n\n\n<p>L\u2019equip va sortir amb molta determinaci\u00f3 i va trobar el premi ben aviat: nom\u00e9s havien passat quatre minuts quan Bilal va aprofitar una bona passada enrere de Pepe Bonilla per obrir el marcador i encarrilar el partit. La Grama es va mostrar intensa, amb ganes de dominar i mantenir el control del joc, i a mesura que avan\u00e7ava el primer temps va generar arribades cada cop m\u00e9s clares. El domini va tenir recompensa al minut 43, quan Alan va culminar una jugada d&#8217;estrat\u00e8gia.<\/p>\n\n\n\n<p>Despr\u00e9s del descans, Morales va introduir canvis per repartir minuts i mantenir el ritme de l&#8217;equip. El Rub\u00ed va intentar apropar-se a l\u2019\u00e0rea colomenca, per\u00f2 la defensa va saber respondre i Guiu no va haver d\u2019intervenir en exc\u00e9s. La Grama, ben posicionada i amb confian\u00e7a, va seguir buscant l\u2019\u00e0rea rival fins al tram final.<\/p>\n\n\n\n<p>Quan el partit ja s\u2019apropava a la conclusi\u00f3, al minut 89, Roger Garc\u00eda va signar el tercer i definitiu gol amb una gran definici\u00f3 individual, arrodonint una actuaci\u00f3 col\u00b7lectiva molt solvent i que va fer gaudir l\u2019afici\u00f3 present al Municipal.<\/p>\n","protected":false},"excerpt":{"rendered":"<p>Un inici fulgurant i un final efectiu segellen la primera vict\u00f2ria de la pretemporada al Municipal El Municipal de la Grama va acollir aquest dimecres el tercer amist\u00f3s de la pretemporada, amb un partit molt complet dels de Roberto Morales, que es van imposar amb claredat a la UE Rub\u00ed, conjunt de Lliga Elit entrenat [&hellip;]<\/p>\n","protected":false},"author":1,"featured_media":35779,"comment_status":"closed","ping_status":"closed","sticky":false,"template":"","format":"standard","meta":{"footnotes":""},"categories":[14,5],"tags":[],"class_list":["post-35777","post","type-post","status-publish","format-standard","has-post-thumbnail","hentry","category-noticies","category-primer-equip"],"_links":{"self":[{"href":"http:\/\/fegrama.cat\/web\/wp-json\/wp\/v2\/posts\/35777","targetHints":{"allow":["GET"]}}],"collection":[{"href":"http:\/\/fegrama.cat\/web\/wp-json\/wp\/v2\/posts"}],"about":[{"href":"http:\/\/fegrama.cat\/web\/wp-json\/wp\/v2\/types\/post"}],"author":[{"embeddable":true,"href":"http:\/\/fegrama.cat\/web\/wp-json\/wp\/v2\/users\/1"}],"replies":[{"embeddable":true,"href":"http:\/\/fegrama.cat\/web\/wp-json\/wp\/v2\/comments?post=35777"}],"version-history":[{"count":2,"href":"http:\/\/fegrama.cat\/web\/wp-json\/wp\/v2\/posts\/35777\/revisions"}],"predecessor-version":[{"id":35781,"href":"http:\/\/fegrama.cat\/web\/wp-json\/wp\/v2\/posts\/35777\/revisions\/35781"}],"wp:featuredmedia":[{"embeddable":true,"href":"http:\/\/fegrama.cat\/web\/wp-json\/wp\/v2\/media\/35779"}],"wp:attachment":[{"href":"http:\/\/fegrama.cat\/web\/wp-json\/wp\/v2\/media?parent=35777"}],"wp:term":[{"taxonomy":"category","embeddable":true,"href":"http:\/\/fegrama.cat\/web\/wp-json\/wp\/v2\/categories?post=35777"},{"taxonomy":"post_tag","embeddable":true,"href":"http:\/\/fegrama.cat\/web\/wp-json\/wp\/v2\/tags?post=35777"}],"curies":[{"name":"wp","href":"https:\/\/api.w.org\/{rel}","templated":true}]}}