{"id":35697,"date":"2025-06-30T17:10:01","date_gmt":"2025-06-30T16:10:01","guid":{"rendered":"https:\/\/fegrama.cat\/web\/?p=35697"},"modified":"2026-01-09T23:34:55","modified_gmt":"2026-01-09T22:34:55","slug":"es-lhora-de-la-grama","status":"publish","type":"post","link":"http:\/\/fegrama.cat\/web\/es-lhora-de-la-grama\/","title":{"rendered":"\u00c9S L&#8217;HORA DE LA GRAMA"},"content":{"rendered":"\n<figure class=\"wp-block-embed is-type-video is-provider-youtube wp-block-embed-youtube wp-embed-aspect-16-9 wp-has-aspect-ratio\"><div class=\"wp-block-embed__wrapper\">\n<iframe loading=\"lazy\" title=\"\u00c9S L&#039;HORA DE LA GRAMA\" width=\"580\" height=\"326\" src=\"https:\/\/www.youtube.com\/embed\/DUKUgkeCUTc?feature=oembed\" frameborder=\"0\" allow=\"accelerometer; autoplay; clipboard-write; encrypted-media; gyroscope; picture-in-picture; web-share\" referrerpolicy=\"strict-origin-when-cross-origin\" allowfullscreen><\/iframe>\n<\/div><\/figure>\n\n\n\n<p>La Fundaci\u00f3 Esportiva Grama competir\u00e0 una temporada m\u00e9s a Tercera Divisi\u00f3. Ser\u00e0 la sisena temporada consecutiva a la categoria i ho fem amb la il\u00b7lusi\u00f3 intacta, les ganes renovades i l\u2019ambici\u00f3 de seguir creixent com a club dins i fora del camp. Sabem que els grans reptes no s\u2019aconsegueixen sols, i per aix\u00f2, enguany, fem una crida clara: \u00e9s l\u2019hora de la Grama, i \u00e9s l\u2019hora de tota Santa Coloma.<\/p>\n\n\n\n<p>Aquesta temporada, m\u00e9s que mai, volem omplir les graderies del Nou Municipal. Volem que cada diumenge sigui una festa de ciutat, una trobada d\u2019identitats i sentiments colomencs. El suport de l\u2019afici\u00f3 \u00e9s fonamental per fer de casa nostra un fort\u00ed, i est\u00e0 m\u00e9s que demostrat que l\u2019escalf de la grada marca la difer\u00e8ncia. Si tu hi ets, l\u2019equip \u00e9s m\u00e9s fort. Si som molts, tot \u00e9s possible.<\/p>\n\n\n\n<p>Amb aquest objectiu, el club mant\u00e9 una vegada m\u00e9s el comprom\u00eds amb la seva gent, i congela els preus dels abonaments. Una temporada m\u00e9s, el carnet general tindr\u00e0 un cost de 70\u202f\u20ac, mentre que per als joves menors de 25 anys i per als jubilats titulars del carnet rosa el preu ser\u00e0 de 50\u202f\u20ac. Apostem per facilitar que tothom pugui formar part d\u2019aquest projecte, sense barreres.<\/p>\n\n\n\n<p>Per fer-se soci\/a de la Fundaci\u00f3 Esportiva Grama per a la temporada 2025\/26, nom\u00e9s cal realitzar el pagament de l\u2019abonament mitjan\u00e7ant ingr\u00e9s o transfer\u00e8ncia banc\u00e0ria al n\u00famero de compte del club: ES43 0081 0447 0600 0117 6127, del Banc Sabadell. No s\u2019acceptar\u00e0 cap pagament en efectiu. Un cop fet l\u2019ingr\u00e9s, cal enviar el justificant de pagament al correu electr\u00f2nic info@fegrama.cat per validar correctament l\u2019alta.<\/p>\n\n\n\n<p>Un cop rebem el justificant, registrarem la persona com a nova abonada i lliurarem un resguard provisional per a l&#8217;acc\u00e9s als partits fins a l&#8217;entrega del carnet f\u00edsic.<\/p>\n\n\n\n<p>Aquesta campanya d\u2019abonaments no \u00e9s nom\u00e9s una manera d\u2019assegurar el teu acc\u00e9s a l&#8217;Estadi durant els partits de lliga de la temporada 2025\/26. \u00c9s un comprom\u00eds de ciutat, formant part d\u2019una comunitat que creu en l\u2019esport com a eina de transformaci\u00f3 social, que estima la ciutat i que vol fer cr\u00e9ixer un club que representa a milers de colomencs i colomenques. Ser soci de la Grama \u00e9s portar un tros de Santa Coloma al cor.<\/p>\n\n\n\n<p>Ara \u00e9s el moment. Ens calen m\u00e9s veus i m\u00e9s orgull colomenc. Ens cal que els colomencs facin un pas endavant amb el club i visquem jornades m\u00e0giques de futbol al Municipal. Volem cr\u00e9ixer i volem competir. Per\u00f2 sobretot, volem fer-ho amb tu al costat. Perqu\u00e8 sense tu, no som el mateix. <strong>\u00c9s l\u2019hora de la Grama. \u00c9s l\u2019hora de Santa Coloma.<\/strong><\/p>\n\n\n\n<hr class=\"wp-block-separator has-alpha-channel-opacity\"\/>\n\n\n\n<p>La Fundaci\u00f3 Esportiva Grama competir\u00e1 una temporada m\u00e1s en Tercera Divisi\u00f3n. Ser\u00e1 la sexta temporada consecutiva en la categor\u00eda y lo hacemos con la ilusi\u00f3n intacta, las ganas renovadas y la ambici\u00f3n de seguir creciendo como club dentro y fuera del campo. Sabemos que los grandes retos no se consiguen solos, y por eso, este a\u00f1o hacemos una llamada clara: es la hora de la Grama, y es la hora de toda Santa Coloma.<\/p>\n\n\n\n<p>Esta temporada, m\u00e1s que nunca, queremos llenar las gradas del Nou Municipal. Queremos que cada domingo sea una fiesta de ciudad, un encuentro de identidades y sentimientos colomenses. El apoyo de la afici\u00f3n es fundamental para hacer de nuestra casa un fort\u00edn, y est\u00e1 m\u00e1s que demostrado que el calor de la grada marca la diferencia. Si t\u00fa est\u00e1s, el equipo es m\u00e1s fuerte. Si somos muchos, todo es posible.<\/p>\n\n\n\n<p>Con este objetivo, el club mantiene una vez m\u00e1s el compromiso con su gente, y congela los precios de los abonos. Una temporada m\u00e1s, el carnet general tendr\u00e1 un coste de 70 \u20ac, mientras que para los j\u00f3venes menores de 25 a\u00f1os y para los jubilados titulares del carnet rosa el precio ser\u00e1 de 50 \u20ac. Apostamos por facilitar que todo el mundo pueda formar parte de este proyecto, sin barreras.<\/p>\n\n\n\n<p>Para hacerse socio\/a de la Fundaci\u00f3 Esportiva Grama para la temporada 2025\/26, solo es necesario realizar el pago del abono mediante ingreso o transferencia bancaria al n\u00famero de cuenta del club: ES43 0081 0447 0600 0117 6127, del Banc Sabadell. No se aceptar\u00e1 ning\u00fan pago en efectivo. Una vez hecho el ingreso, hay que enviar el justificante de pago al correo electr\u00f3nico info@fegrama.cat para validar correctamente el alta.<\/p>\n\n\n\n<p>Una vez recibamos el justificante, registraremos a la persona como nueva abonada y entregaremos un resguardo provisional para el acceso a los partidos, hasta la entrega del carnet f\u00edsico.<\/p>\n\n\n\n<p>Esta campa\u00f1a de abonos no es solo una manera de asegurar tu acceso al Estadio durante los partidos de liga de la temporada 2025\/26. Es un compromiso de ciudad, formando parte de una comunidad que cree en el deporte como herramienta de transformaci\u00f3n social, que ama la ciudad y que quiere hacer crecer a un club que representa a miles de colomenses. Ser socio de la Grama es llevar un trozo de Santa Coloma en el coraz\u00f3n.<\/p>\n\n\n\n<p>Ahora es el momento. Necesitamos m\u00e1s voces y m\u00e1s orgullo colomense. Necesitamos que los colomenses den un paso adelante con el club y vivamos jornadas m\u00e1gicas de f\u00fatbol en el Municipal. Queremos crecer y queremos competir. Pero, sobre todo, queremos hacerlo contigo a nuestro lado. Porque sin ti, no somos lo mismo. Es la hora de la Grama. Es la hora de Santa Coloma.<\/p>\n\n\n\n<figure class=\"wp-block-image size-large\"><a href=\"https:\/\/fegrama.cat\/web\/wp-content\/uploads\/2025\/06\/536249570_1284248473711378_2764071999387906684_n.png\"><img loading=\"lazy\" decoding=\"async\" width=\"1024\" height=\"721\" src=\"https:\/\/fegrama.cat\/web\/wp-content\/uploads\/2025\/06\/536249570_1284248473711378_2764071999387906684_n-1024x721.png\" alt=\"\" class=\"wp-image-35821\" srcset=\"http:\/\/fegrama.cat\/web\/wp-content\/uploads\/2025\/06\/536249570_1284248473711378_2764071999387906684_n-1024x721.png 1024w, http:\/\/fegrama.cat\/web\/wp-content\/uploads\/2025\/06\/536249570_1284248473711378_2764071999387906684_n-300x211.png 300w, http:\/\/fegrama.cat\/web\/wp-content\/uploads\/2025\/06\/536249570_1284248473711378_2764071999387906684_n-768x541.png 768w, http:\/\/fegrama.cat\/web\/wp-content\/uploads\/2025\/06\/536249570_1284248473711378_2764071999387906684_n-1536x1082.png 1536w, http:\/\/fegrama.cat\/web\/wp-content\/uploads\/2025\/06\/536249570_1284248473711378_2764071999387906684_n-1200x845.png 1200w, http:\/\/fegrama.cat\/web\/wp-content\/uploads\/2025\/06\/536249570_1284248473711378_2764071999387906684_n-1980x1395.png 1980w, http:\/\/fegrama.cat\/web\/wp-content\/uploads\/2025\/06\/536249570_1284248473711378_2764071999387906684_n.png 2000w\" sizes=\"auto, (max-width: 1024px) 100vw, 1024px\" \/><\/a><\/figure>\n","protected":false},"excerpt":{"rendered":"<p>La Fundaci\u00f3 Esportiva Grama competir\u00e0 una temporada m\u00e9s a Tercera Divisi\u00f3. Ser\u00e0 la sisena temporada consecutiva a la categoria i ho fem amb la il\u00b7lusi\u00f3 intacta, les ganes renovades i l\u2019ambici\u00f3 de seguir creixent com a club dins i fora del camp. Sabem que els grans reptes no s\u2019aconsegueixen sols, i per aix\u00f2, enguany, fem [&hellip;]<\/p>\n","protected":false},"author":1,"featured_media":35698,"comment_status":"closed","ping_status":"closed","sticky":false,"template":"","format":"standard","meta":{"footnotes":""},"categories":[1348,14,5],"tags":[],"class_list":["post-35697","post","type-post","status-publish","format-standard","has-post-thumbnail","hentry","category-club","category-noticies","category-primer-equip"],"_links":{"self":[{"href":"http:\/\/fegrama.cat\/web\/wp-json\/wp\/v2\/posts\/35697","targetHints":{"allow":["GET"]}}],"collection":[{"href":"http:\/\/fegrama.cat\/web\/wp-json\/wp\/v2\/posts"}],"about":[{"href":"http:\/\/fegrama.cat\/web\/wp-json\/wp\/v2\/types\/post"}],"author":[{"embeddable":true,"href":"http:\/\/fegrama.cat\/web\/wp-json\/wp\/v2\/users\/1"}],"replies":[{"embeddable":true,"href":"http:\/\/fegrama.cat\/web\/wp-json\/wp\/v2\/comments?post=35697"}],"version-history":[{"count":8,"href":"http:\/\/fegrama.cat\/web\/wp-json\/wp\/v2\/posts\/35697\/revisions"}],"predecessor-version":[{"id":35823,"href":"http:\/\/fegrama.cat\/web\/wp-json\/wp\/v2\/posts\/35697\/revisions\/35823"}],"wp:featuredmedia":[{"embeddable":true,"href":"http:\/\/fegrama.cat\/web\/wp-json\/wp\/v2\/media\/35698"}],"wp:attachment":[{"href":"http:\/\/fegrama.cat\/web\/wp-json\/wp\/v2\/media?parent=35697"}],"wp:term":[{"taxonomy":"category","embeddable":true,"href":"http:\/\/fegrama.cat\/web\/wp-json\/wp\/v2\/categories?post=35697"},{"taxonomy":"post_tag","embeddable":true,"href":"http:\/\/fegrama.cat\/web\/wp-json\/wp\/v2\/tags?post=35697"}],"curies":[{"name":"wp","href":"https:\/\/api.w.org\/{rel}","templated":true}]}}