{"id":35692,"date":"2025-06-28T10:22:17","date_gmt":"2025-06-28T09:22:17","guid":{"rendered":"https:\/\/fegrama.cat\/web\/?p=35692"},"modified":"2025-06-28T10:22:29","modified_gmt":"2025-06-28T09:22:29","slug":"manel-martinez-grama","status":"publish","type":"post","link":"http:\/\/fegrama.cat\/web\/manel-martinez-grama\/","title":{"rendered":"Manel Mart\u00ednez, nou jugador de la Grama"},"content":{"rendered":"\n<p>La Fundaci\u00f3 Esportiva Grama incorpora Manel Mart\u00ednez, central de 24 anys procedent del CE Manresa, per refor\u00e7ar la l\u00ednia defensiva colomenca de cara a la temporada 2025-26.<\/p>\n\n\n\n<p>Amb experi\u00e8ncia a Segona RFEF i una traject\u00f2ria ascendent, Manel destaca per la seva intel\u00b7lig\u00e8ncia t\u00e0ctica, contund\u00e8ncia en els duels i capacitat de lideratge des del darrere. La seva incorporaci\u00f3 busca aportar solidesa i competitivitat a l\u2019equip, consolidant l\u2019estructura defensiva com un dels pilars del projecte.<\/p>\n\n\n\n<p>En etapa de futbol base, el central va passar per dues pedreres de prestigi com el CF Damm i el Girona FC. En categoria amateur ha defensat els colors del San Ignacio, Las Palmas Atl\u00e9tico, Cerdanyola FC (Segona RFEF) i CE Manresa, consolidant-se com a futbolista i amb projecci\u00f3 de futur.<\/p>\n\n\n\n<p>\ud83d\udcac Benvingut a la Grama, Manel!<\/p>\n\n\n\n<p>\ud83d\udc99 #\u00c9sLHoraDeLaGrama<\/p>\n","protected":false},"excerpt":{"rendered":"<p>La Fundaci\u00f3 Esportiva Grama incorpora Manel Mart\u00ednez, central de 24 anys procedent del CE Manresa, per refor\u00e7ar la l\u00ednia defensiva colomenca de cara a la temporada 2025-26. Amb experi\u00e8ncia a Segona RFEF i una traject\u00f2ria ascendent, Manel destaca per la seva intel\u00b7lig\u00e8ncia t\u00e0ctica, contund\u00e8ncia en els duels i capacitat de lideratge des del darrere. La [&hellip;]<\/p>\n","protected":false},"author":1,"featured_media":35694,"comment_status":"closed","ping_status":"closed","sticky":false,"template":"","format":"standard","meta":{"footnotes":""},"categories":[14,5],"tags":[],"class_list":["post-35692","post","type-post","status-publish","format-standard","has-post-thumbnail","hentry","category-noticies","category-primer-equip"],"_links":{"self":[{"href":"http:\/\/fegrama.cat\/web\/wp-json\/wp\/v2\/posts\/35692","targetHints":{"allow":["GET"]}}],"collection":[{"href":"http:\/\/fegrama.cat\/web\/wp-json\/wp\/v2\/posts"}],"about":[{"href":"http:\/\/fegrama.cat\/web\/wp-json\/wp\/v2\/types\/post"}],"author":[{"embeddable":true,"href":"http:\/\/fegrama.cat\/web\/wp-json\/wp\/v2\/users\/1"}],"replies":[{"embeddable":true,"href":"http:\/\/fegrama.cat\/web\/wp-json\/wp\/v2\/comments?post=35692"}],"version-history":[{"count":2,"href":"http:\/\/fegrama.cat\/web\/wp-json\/wp\/v2\/posts\/35692\/revisions"}],"predecessor-version":[{"id":35695,"href":"http:\/\/fegrama.cat\/web\/wp-json\/wp\/v2\/posts\/35692\/revisions\/35695"}],"wp:featuredmedia":[{"embeddable":true,"href":"http:\/\/fegrama.cat\/web\/wp-json\/wp\/v2\/media\/35694"}],"wp:attachment":[{"href":"http:\/\/fegrama.cat\/web\/wp-json\/wp\/v2\/media?parent=35692"}],"wp:term":[{"taxonomy":"category","embeddable":true,"href":"http:\/\/fegrama.cat\/web\/wp-json\/wp\/v2\/categories?post=35692"},{"taxonomy":"post_tag","embeddable":true,"href":"http:\/\/fegrama.cat\/web\/wp-json\/wp\/v2\/tags?post=35692"}],"curies":[{"name":"wp","href":"https:\/\/api.w.org\/{rel}","templated":true}]}}