{"id":3560,"date":"2014-04-25T10:15:13","date_gmt":"2014-04-25T08:15:13","guid":{"rendered":"http:\/\/fegrama.cat\/web\/?p=3560"},"modified":"2014-04-25T10:15:13","modified_gmt":"2014-04-25T08:15:13","slug":"el-senior-femeni-de-la-fegrama-anira-diumenge-al-municipal-de-canyelles-onze","status":"publish","type":"post","link":"http:\/\/fegrama.cat\/web\/el-senior-femeni-de-la-fegrama-anira-diumenge-al-municipal-de-canyelles-onze\/","title":{"rendered":"El S\u00e8nior Femen\u00ed de la FEGrama anir\u00e0 diumenge al Municipal de Canyelles, onz\u00e8"},"content":{"rendered":"<p style=\"text-align: justify;\"><span style=\"color: #000000;\">El S\u00e8nior Femen\u00ed de la FEGrama torna de Setmana Santa amb moltes forces i canviar de din\u00e0mica com a la \u00faltima derrota a Santa Coloma davant el seu immediat perseguidor, el Xaica, per 0-4 a la jornada anterior.<\/span><\/p>\n<p style=\"text-align: justify;\"><span style=\"color: #000000;\">Encara que aquesta derrota no el fa baixar de la novena posici\u00f3 al conjunt dirigit per Rub\u00e9n Hern\u00e1ndez i que el valguin encara els 18 punts per acostarse a la meitat de la taula d&#8217;aquest grup 5.<\/span><\/p>\n<p style=\"text-align: justify;\"><span style=\"color: #000000;\">A la jornada 25, les jugadores de la FEG aniran al Municipal de Canyelles, onz\u00e8 classificat amb 16 punts, el pr\u00f2xim diumenge 27 d&#8217;abril des de les 12:00 hores.<\/span><\/p>\n<p style=\"text-align: justify;\"><span style=\"color: #000000;\"><a href=\"http:\/\/fegrama.cat\/web\/wp-content\/uploads\/2014\/04\/Femeni_Senior_presentacio_2013_FUNDACIOGRAMA0313.jpg\"><span style=\"color: #000000;\"><img loading=\"lazy\" decoding=\"async\" alt=\"Femeni_Senior_presentacio_2013_FUNDACIOGRAMA031\" src=\"http:\/\/fegrama.cat\/web\/wp-content\/uploads\/2014\/04\/Femeni_Senior_presentacio_2013_FUNDACIOGRAMA0313.jpg\" width=\"640\" height=\"480\" \/><\/span><\/a><\/span><\/p>\n<p style=\"text-align: justify;\"><span style=\"color: #000000;\">[divider]<\/span><\/p>\n<p style=\"text-align: justify;\"><span style=\"color: #000000;\">[button color=\u00bbblue\u00bb size=\u00bbsmall\u00bb link=\u00bbhttp:\/\/www.fcf.cat\/pnfg\/NFG_CmpJornada?cod_primaria=1000120&amp;CodCompeticion=18473330&amp;CodGrupo=18697376&amp;CodTemporada=9&amp;CodJornada=10&#8243; target=\u00bbblank\u00bb ]Resultats[\/button]<\/span><\/p>\n<p style=\"text-align: justify;\"><span style=\"color: #000000;\">[button color=\u00bbblue\u00bb size=\u00bbsmall\u00bb link=\u00bbhttp:\/\/www.fcf.cat\/pnfg\/NPcd\/NFG_VisClasificacion?cod_primaria=1000120&amp;codgrupo=18697376&amp;codcompeticion=18473330&#8243; target=\u00bbblank\u00bb ]Classificaci\u00f3[\/button]<\/span><\/p>\n<p style=\"text-align: justify;\"><span style=\"color: #000000;\">El Senior Femenino de la FEGrama vuelve de Semana Santa con muchas fuerzas y cambiar de din\u00e1mica como la \u00faltima derrota en Santa Coloma ante su inmediato perseguidor, el Xaica, por 0-4 en la jornada anterior. <\/span><br \/>\n<span style=\"color: #000000;\">Aunque esta derrota no lo hace bajar de la novena posici\u00f3n en el conjunto dirigido por Rub\u00e9n Hern\u00e1ndez y que el valgan a\u00fan los 18 puntos para acercarse a la mitad de la tabla de este grupo 5.<\/span><\/p>\n<p style=\"text-align: justify;\"><span style=\"color: #000000;\">En la jornada 25, las jugadoras de la FEG ir\u00e1n al Municipal de Canyelles, und\u00e9cimo clasificado con 16 puntos, el pr\u00f3ximo domingo 27 de abril desde las 12:00 horas.<\/span><\/p>\n<p style=\"text-align: justify;\"><span style=\"color: #000000;\"><strong>Visca l&#8217;Esperit Grama!!!<\/strong><\/span><\/p>\n","protected":false},"excerpt":{"rendered":"<p>El S\u00e8nior Femen\u00ed de la FEGrama torna de Setmana Santa amb moltes forces i canviar de din\u00e0mica com a la \u00faltima derrota a Santa Coloma davant el seu immediat perseguidor, el Xaica, per 0-4 a la jornada anterior. Encara que aquesta derrota no el fa baixar de la novena posici\u00f3 al conjunt dirigit per Rub\u00e9n [&hellip;]<\/p>\n","protected":false},"author":1,"featured_media":0,"comment_status":"closed","ping_status":"closed","sticky":false,"template":"","format":"standard","meta":{"footnotes":""},"categories":[4,13],"tags":[],"class_list":["post-3560","post","type-post","status-publish","format-standard","hentry","category-base-inclusiu","category-femeni"],"_links":{"self":[{"href":"http:\/\/fegrama.cat\/web\/wp-json\/wp\/v2\/posts\/3560","targetHints":{"allow":["GET"]}}],"collection":[{"href":"http:\/\/fegrama.cat\/web\/wp-json\/wp\/v2\/posts"}],"about":[{"href":"http:\/\/fegrama.cat\/web\/wp-json\/wp\/v2\/types\/post"}],"author":[{"embeddable":true,"href":"http:\/\/fegrama.cat\/web\/wp-json\/wp\/v2\/users\/1"}],"replies":[{"embeddable":true,"href":"http:\/\/fegrama.cat\/web\/wp-json\/wp\/v2\/comments?post=3560"}],"version-history":[{"count":1,"href":"http:\/\/fegrama.cat\/web\/wp-json\/wp\/v2\/posts\/3560\/revisions"}],"predecessor-version":[{"id":3562,"href":"http:\/\/fegrama.cat\/web\/wp-json\/wp\/v2\/posts\/3560\/revisions\/3562"}],"wp:attachment":[{"href":"http:\/\/fegrama.cat\/web\/wp-json\/wp\/v2\/media?parent=3560"}],"wp:term":[{"taxonomy":"category","embeddable":true,"href":"http:\/\/fegrama.cat\/web\/wp-json\/wp\/v2\/categories?post=3560"},{"taxonomy":"post_tag","embeddable":true,"href":"http:\/\/fegrama.cat\/web\/wp-json\/wp\/v2\/tags?post=3560"}],"curies":[{"name":"wp","href":"https:\/\/api.w.org\/{rel}","templated":true}]}}