{"id":3541,"date":"2014-04-25T09:01:23","date_gmt":"2014-04-25T07:01:23","guid":{"rendered":"http:\/\/fegrama.cat\/web\/?p=3541"},"modified":"2014-04-24T11:23:37","modified_gmt":"2014-04-24T09:23:37","slug":"lalevi-c-de-la-fegrama-atendra-al-nou-municipal-de-santa-coloma-a-la-penya-barcelonista-cinc-copes-vuite","status":"publish","type":"post","link":"http:\/\/fegrama.cat\/web\/lalevi-c-de-la-fegrama-atendra-al-nou-municipal-de-santa-coloma-a-la-penya-barcelonista-cinc-copes-vuite\/","title":{"rendered":"L&#8217;Alev\u00ed C de la FEGrama atendr\u00e0 al Nou Municipal de Santa Coloma a la Penya Barcelonista Cinc Copes, vuit\u00e8"},"content":{"rendered":"<p style=\"text-align: justify;\"><span style=\"color: #000000;\">L&#8217;Alev\u00ed C de la FEGrama voldr\u00e0 repetir la gesta de la jornada anterior a Setmana Santa quan va ser protagonista de la golejada de la jornada 24 el 13 d&#8217;abril a casa del Parc per 3 a 9.<\/span><\/p>\n<p style=\"text-align: justify;\"><span style=\"color: #000000;\">Aquest resultat final va fer que el conjunt de la Fundaci\u00f3 Grama aconsegueixi la seva tercera vict\u00f2ria consecutiva i que es consolidin a la d\u00e8cima amb 25 punts i ficats en el grup d&#8217;equips amb m\u00e9s de 20 punts.<\/span><\/p>\n<p style=\"text-align: justify;\"><span style=\"color: #000000;\">A la jornada seg\u00fcent la 25 el conjunt de la Fundaci\u00f3 Grama rebr\u00e0 al Nou Municipal de Santa Coloma a la Penya Barcelonista Cinc Copes, vuit\u00e8 amb 30 punts, el diumenge 27 d&#8217;abril des de les 14:15 hores.<a href=\"http:\/\/fegrama.cat\/web\/wp-content\/uploads\/2014\/04\/Alevi_C_presentacio_2013_FUNDACIOGRAMA0423.jpg\"><span style=\"color: #000000;\"><img loading=\"lazy\" decoding=\"async\" alt=\"Alevi_C_presentacio_2013_FUNDACIOGRAMA042\" src=\"http:\/\/fegrama.cat\/web\/wp-content\/uploads\/2014\/04\/Alevi_C_presentacio_2013_FUNDACIOGRAMA0423.jpg\" width=\"640\" height=\"480\" \/><\/span><\/a><\/span><\/p>\n<p style=\"text-align: justify;\"><span style=\"color: #000000;\">[divider]<\/span><\/p>\n<p style=\"text-align: justify;\"><span style=\"color: #000000;\">[button color=\u00bbblue\u00bb size=\u00bbsmall\u00bb link=\u00bbhttp:\/\/www.fcf.cat\/pnfg\/NFG_CmpJornada?cod_primaria=1000120&amp;CodCompeticion=18473309&amp;CodGrupo=18578215&amp;CodTemporada=9&amp;CodJornada=10&#8243; target=\u00bbblank\u00bb ]Resultats[\/button]<\/span><\/p>\n<p style=\"text-align: justify;\"><span style=\"color: #000000;\">[button color=\u00bbblue\u00bb size=\u00bbsmall\u00bb link=\u00bbhttp:\/\/www.fcf.cat\/pnfg\/NPcd\/NFG_VisClasificacion?cod_primaria=1000120&amp;codgrupo=18578215&amp;codcompeticion=18473309&#8243; target=\u00bbblank\u00bb ]Classificaci\u00f3[\/button]<\/span><\/p>\n<p style=\"text-align: justify;\"><span style=\"color: #000000;\">El Alev\u00edn C de la FEGrama querr\u00e1 repetir la haza\u00f1a de la jornada anterior a Semana Santa cuando fue protagonista de la goleada de la jornada 24 el 13 de abril en casa del Parque por 3 a 9.<\/span><\/p>\n<p style=\"text-align: justify;\"><span style=\"color: #000000;\">Este resultado final hizo que el conjunto de la Fundaci\u00f3n Grama consiga su tercera victoria consecutiva y que se consoliden en la d\u00e9cima con 25 puntos y metidos en el grupo de equipos con m\u00e1s de 20 puntos.<\/span><\/p>\n<p style=\"text-align: justify;\"><span style=\"color: #000000;\">En la jornada siguiente la 25 el conjunto de la Fundaci\u00f3n Grama recibir\u00e1 en el Nou Municipal de Santa Coloma a la Pe\u00f1a Barcelonista Cinco Copas, octavo con 30 puntos, el domingo 27 de abril desde las 14:15 horas.<\/span><\/p>\n<p style=\"text-align: justify;\"><span style=\"color: #000000;\"><strong>Visca l&#8217;Esperit Grama!!!<\/strong><\/span><\/p>\n","protected":false},"excerpt":{"rendered":"<p>L&#8217;Alev\u00ed C de la FEGrama voldr\u00e0 repetir la gesta de la jornada anterior a Setmana Santa quan va ser protagonista de la golejada de la jornada 24 el 13 d&#8217;abril a casa del Parc per 3 a 9. Aquest resultat final va fer que el conjunt de la Fundaci\u00f3 Grama aconsegueixi la seva tercera vict\u00f2ria [&hellip;]<\/p>\n","protected":false},"author":1,"featured_media":0,"comment_status":"closed","ping_status":"closed","sticky":false,"template":"","format":"standard","meta":{"footnotes":""},"categories":[10,4],"tags":[],"class_list":["post-3541","post","type-post","status-publish","format-standard","hentry","category-alevins","category-base-inclusiu"],"_links":{"self":[{"href":"http:\/\/fegrama.cat\/web\/wp-json\/wp\/v2\/posts\/3541","targetHints":{"allow":["GET"]}}],"collection":[{"href":"http:\/\/fegrama.cat\/web\/wp-json\/wp\/v2\/posts"}],"about":[{"href":"http:\/\/fegrama.cat\/web\/wp-json\/wp\/v2\/types\/post"}],"author":[{"embeddable":true,"href":"http:\/\/fegrama.cat\/web\/wp-json\/wp\/v2\/users\/1"}],"replies":[{"embeddable":true,"href":"http:\/\/fegrama.cat\/web\/wp-json\/wp\/v2\/comments?post=3541"}],"version-history":[{"count":1,"href":"http:\/\/fegrama.cat\/web\/wp-json\/wp\/v2\/posts\/3541\/revisions"}],"predecessor-version":[{"id":3543,"href":"http:\/\/fegrama.cat\/web\/wp-json\/wp\/v2\/posts\/3541\/revisions\/3543"}],"wp:attachment":[{"href":"http:\/\/fegrama.cat\/web\/wp-json\/wp\/v2\/media?parent=3541"}],"wp:term":[{"taxonomy":"category","embeddable":true,"href":"http:\/\/fegrama.cat\/web\/wp-json\/wp\/v2\/categories?post=3541"},{"taxonomy":"post_tag","embeddable":true,"href":"http:\/\/fegrama.cat\/web\/wp-json\/wp\/v2\/tags?post=3541"}],"curies":[{"name":"wp","href":"https:\/\/api.w.org\/{rel}","templated":true}]}}