{"id":3531,"date":"2014-04-25T09:02:59","date_gmt":"2014-04-25T07:02:59","guid":{"rendered":"http:\/\/fegrama.cat\/web\/?p=3531"},"modified":"2014-04-24T11:05:41","modified_gmt":"2014-04-24T09:05:41","slug":"el-benjami-c-de-la-fegrama-anira-dissabte-al-municipal-de-llefia-segon-classificat","status":"publish","type":"post","link":"http:\/\/fegrama.cat\/web\/el-benjami-c-de-la-fegrama-anira-dissabte-al-municipal-de-llefia-segon-classificat\/","title":{"rendered":"El Benjam\u00ed C de la FEGrama anir\u00e0 dissabte al Municipal de Llefi\u00e0, segon classificat"},"content":{"rendered":"<p style=\"text-align: justify;\">El Benjam\u00ed C de la FEGrama va guanyar amb la visita a Santa Coloma del Martinenc, pen\u00faltim classificat, per 4 a 3, a la setmana abans de Setmana Santa.<\/p>\n<p style=\"text-align: justify;\">Amb aquests tres punts aconseguits l&#8217;equip de Santa Coloma puj\u00e0 a la quarta posici\u00f3 amb 48 punts retallant-li tres al seu immediat, la Damm, que va caure a la seva visita a casa del tercer classificat, el Vila Ol\u00edmpica, per 3 a 1.<\/p>\n<p style=\"text-align: justify;\">Els joves jugadors de la Fundaci\u00f3 Grama sumen quatre vict\u00f2ries a les cinc \u00faltimes jornades, les tres \u00faltimes consecutives.<\/p>\n<p style=\"text-align: justify;\">A la jornada 24, el conjunt de la FEG dirigit per Lautaro Rosales viatjaran al Municipal de Llefi\u00e0, segon classificat a la classificaci\u00f3 amb 57 punts, el dissabte 26 d&#8217;abril a les 09:00 hores.<a href=\"http:\/\/fegrama.cat\/web\/wp-content\/uploads\/2014\/04\/Benjami_C_presentacio_2013_FUNDACIOGRAMA0263.jpg\"><img loading=\"lazy\" decoding=\"async\" class=\"aligncenter size-full wp-image-3488\" alt=\"Benjami_C_presentacio_2013_FUNDACIOGRAMA026\" src=\"http:\/\/fegrama.cat\/web\/wp-content\/uploads\/2014\/04\/Benjami_C_presentacio_2013_FUNDACIOGRAMA0263.jpg\" width=\"640\" height=\"480\" \/><\/a><\/p>\n<p style=\"text-align: justify;\">[divider]<\/p>\n<p style=\"text-align: justify;\">[button color=\u00bbblue\u00bb size=\u00bbsmall\u00bb link=\u00bbhttp:\/\/www.fcf.cat\/pnfg\/NFG_CmpJornada?cod_primaria=1000120&amp;CodCompeticion=18473318&amp;CodGrupo=18680379&amp;CodTemporada=9&amp;CodJornada=10&#8243; target=\u00bbblank\u00bb ]Resultats[\/button]<\/p>\n<p style=\"text-align: justify;\">[button color=\u00bbblue\u00bb size=\u00bbsmall\u00bb link=\u00bbhttp:\/\/www.fcf.cat\/pnfg\/NPcd\/NFG_VisClasificacion?cod_primaria=1000120&amp;codgrupo=18680379&amp;codcompeticion=18473318&#8243; target=\u00bbblank\u00bb ]Classificaci\u00f3[\/button]<\/p>\n<p style=\"text-align: justify;\">El Benjam\u00edn C de la FEGRAM gan\u00f3 con la visita a Santa Coloma del Martinenc, pen\u00faltimo clasificado, por 4 a 3, en la semana antes de Semana Santa.<\/p>\n<p style=\"text-align: justify;\">Con estos tres puntos conseguidos el equipo de Santa Coloma subi\u00f3 a la cuarta posici\u00f3n con 48 puntos recort\u00e1ndole tres a su inmediato, la Damm, que cay\u00f3 a su visita a casa del tercer clasificado, el Villa Ol\u00edmpica, por 3 a 1.<\/p>\n<p style=\"text-align: justify;\">Los j\u00f3venes jugadores de la Fundaci\u00f3n Grama suman cuatro victorias en las cinco \u00faltimas jornadas, las tres \u00faltimas consecutivas.<\/p>\n<p style=\"text-align: justify;\">En la jornada 24, el conjunto de la FEG dirigido por Lautaro Rosales viajar\u00e1n el Municipal de Llefi\u00e0, segundo clasificado en la clasificaci\u00f3n con 57 puntos, el s\u00e1bado 26 de abril a las 09:00 horas.<\/p>\n<p style=\"text-align: justify;\"><strong>Visca l&#8217;Esperit Grama!!!<\/strong><\/p>\n","protected":false},"excerpt":{"rendered":"<p>El Benjam\u00ed C de la FEGrama va guanyar amb la visita a Santa Coloma del Martinenc, pen\u00faltim classificat, per 4 a 3, a la setmana abans de Setmana Santa. Amb aquests tres punts aconseguits l&#8217;equip de Santa Coloma puj\u00e0 a la quarta posici\u00f3 amb 48 punts retallant-li tres al seu immediat, la Damm, que va [&hellip;]<\/p>\n","protected":false},"author":1,"featured_media":0,"comment_status":"closed","ping_status":"closed","sticky":false,"template":"","format":"standard","meta":{"footnotes":""},"categories":[4,11],"tags":[],"class_list":["post-3531","post","type-post","status-publish","format-standard","hentry","category-base-inclusiu","category-benjamins"],"_links":{"self":[{"href":"http:\/\/fegrama.cat\/web\/wp-json\/wp\/v2\/posts\/3531","targetHints":{"allow":["GET"]}}],"collection":[{"href":"http:\/\/fegrama.cat\/web\/wp-json\/wp\/v2\/posts"}],"about":[{"href":"http:\/\/fegrama.cat\/web\/wp-json\/wp\/v2\/types\/post"}],"author":[{"embeddable":true,"href":"http:\/\/fegrama.cat\/web\/wp-json\/wp\/v2\/users\/1"}],"replies":[{"embeddable":true,"href":"http:\/\/fegrama.cat\/web\/wp-json\/wp\/v2\/comments?post=3531"}],"version-history":[{"count":1,"href":"http:\/\/fegrama.cat\/web\/wp-json\/wp\/v2\/posts\/3531\/revisions"}],"predecessor-version":[{"id":3533,"href":"http:\/\/fegrama.cat\/web\/wp-json\/wp\/v2\/posts\/3531\/revisions\/3533"}],"wp:attachment":[{"href":"http:\/\/fegrama.cat\/web\/wp-json\/wp\/v2\/media?parent=3531"}],"wp:term":[{"taxonomy":"category","embeddable":true,"href":"http:\/\/fegrama.cat\/web\/wp-json\/wp\/v2\/categories?post=3531"},{"taxonomy":"post_tag","embeddable":true,"href":"http:\/\/fegrama.cat\/web\/wp-json\/wp\/v2\/tags?post=3531"}],"curies":[{"name":"wp","href":"https:\/\/api.w.org\/{rel}","templated":true}]}}