{"id":35276,"date":"2025-02-02T23:23:39","date_gmt":"2025-02-02T22:23:39","guid":{"rendered":"https:\/\/fegrama.cat\/web\/?p=35276"},"modified":"2025-02-02T23:24:37","modified_gmt":"2025-02-02T22:24:37","slug":"fe-grama-ue-vilassar-j20","status":"publish","type":"post","link":"http:\/\/fegrama.cat\/web\/fe-grama-ue-vilassar-j20\/","title":{"rendered":"FE Grama 2-1 UE Vilassar de Mar: vict\u00f2ria patida"},"content":{"rendered":"\n<p><strong><em>La Grama no fa el seu millor partit per\u00f2 suma 3 punts i la segona vict\u00f2ria consecutiva<\/em><\/strong><\/p>\n\n\n\n<p>L\u2019Estadi Municipal de la Grama va viure una matinal gloriosa amb la vict\u00f2ria de la FE Grama per 2-1 davant la UE Vilassar de Mar. En un partit on els colomencs no van oferir la seva millor versi\u00f3, els de Rober Morales es van imposar al seu rival. Amb aquest triomf, la Grama suma una vict\u00f2ria fonamental que refor\u00e7a la seva ambici\u00f3 de continuar escalant posicions a la classificaci\u00f3.<\/p>\n\n\n\n<p>Des del xiulet inicial, la FE Grama va sortir decidida a imposar la seva llei a casa, i aviat va deixar clar que el Vilassar de Mar no tindria una tarda f\u00e0cil. Amb una pressi\u00f3 asfixiant i un joc din\u00e0mic, els locals van assetjar l\u2019\u00e0rea rival fins a trobar la recompensa. Jandro va ser l\u2019encarregat d\u2019obrir el marcador amb un gol despr\u00e9s d&#8217;un lliure indirecte per cessi\u00f3 al porter. La Grama no va abaixar el ritme i va continuar portant el pes del partit, fins que Airan, sempre oportunista i letal, va ampliar l\u2019avantatge despr\u00e9s d&#8217;una bona assist\u00e8ncia de Canteras amb una diana que reflectia la superioritat local.<\/p>\n\n\n\n<p>A la segona part, per\u00f2, el Vilassar va reaccionar i va fer un pas endavant, guanyant la possessi\u00f3 i portant el pes del joc. Malgrat l\u2019empenta del rival, els colomencs van demostrar car\u00e0cter i resist\u00e8ncia, tancant files en defensa i comptant amb un Sergio molt segur que va frustrar qualsevol intent d\u2019empat. La intensitat dels minuts finals va posar a prova l\u2019equip, per\u00f2 la Grama va saber patir per endur-se els tres punts.<\/p>\n\n\n\n<p>La FE Grama celebra una vict\u00f2ria m\u00e9s que merescuda. Amb aquest triomf, l\u2019equip continua demostrant que t\u00e9 qualitat i esperit per lluitar fins al final. 3 punts importants. <\/p>\n","protected":false},"excerpt":{"rendered":"<p>La Grama no fa el seu millor partit per\u00f2 suma 3 punts i la segona vict\u00f2ria consecutiva L\u2019Estadi Municipal de la Grama va viure una matinal gloriosa amb la vict\u00f2ria de la FE Grama per 2-1 davant la UE Vilassar de Mar. En un partit on els colomencs no van oferir la seva millor versi\u00f3, [&hellip;]<\/p>\n","protected":false},"author":8,"featured_media":35287,"comment_status":"closed","ping_status":"closed","sticky":false,"template":"","format":"standard","meta":{"footnotes":""},"categories":[14,5],"tags":[],"class_list":["post-35276","post","type-post","status-publish","format-standard","has-post-thumbnail","hentry","category-noticies","category-primer-equip"],"_links":{"self":[{"href":"http:\/\/fegrama.cat\/web\/wp-json\/wp\/v2\/posts\/35276","targetHints":{"allow":["GET"]}}],"collection":[{"href":"http:\/\/fegrama.cat\/web\/wp-json\/wp\/v2\/posts"}],"about":[{"href":"http:\/\/fegrama.cat\/web\/wp-json\/wp\/v2\/types\/post"}],"author":[{"embeddable":true,"href":"http:\/\/fegrama.cat\/web\/wp-json\/wp\/v2\/users\/8"}],"replies":[{"embeddable":true,"href":"http:\/\/fegrama.cat\/web\/wp-json\/wp\/v2\/comments?post=35276"}],"version-history":[{"count":1,"href":"http:\/\/fegrama.cat\/web\/wp-json\/wp\/v2\/posts\/35276\/revisions"}],"predecessor-version":[{"id":35299,"href":"http:\/\/fegrama.cat\/web\/wp-json\/wp\/v2\/posts\/35276\/revisions\/35299"}],"wp:featuredmedia":[{"embeddable":true,"href":"http:\/\/fegrama.cat\/web\/wp-json\/wp\/v2\/media\/35287"}],"wp:attachment":[{"href":"http:\/\/fegrama.cat\/web\/wp-json\/wp\/v2\/media?parent=35276"}],"wp:term":[{"taxonomy":"category","embeddable":true,"href":"http:\/\/fegrama.cat\/web\/wp-json\/wp\/v2\/categories?post=35276"},{"taxonomy":"post_tag","embeddable":true,"href":"http:\/\/fegrama.cat\/web\/wp-json\/wp\/v2\/tags?post=35276"}],"curies":[{"name":"wp","href":"https:\/\/api.w.org\/{rel}","templated":true}]}}