{"id":34796,"date":"2024-09-07T12:49:05","date_gmt":"2024-09-07T11:49:05","guid":{"rendered":"http:\/\/fegrama.cat\/web\/?p=34796"},"modified":"2024-09-07T17:00:51","modified_gmt":"2024-09-07T16:00:51","slug":"previa-atletic-lleida-fe-grama","status":"publish","type":"post","link":"http:\/\/fegrama.cat\/web\/previa-atletic-lleida-fe-grama\/","title":{"rendered":"PR\u00c8VIA J1: Comen\u00e7a la lliga"},"content":{"rendered":"\n<h5 class=\"wp-block-heading\"><em><strong>La FE Grama inicia el campionat de Tercera RFEF visitant el Ramon Farr\u00fas per jugar contra l&#8217;Atl\u00e8tic Lleida<\/strong><\/em><\/h5>\n\n\n\n<p>Quatre mesos m\u00e9s tard del darrer partit oficial, torna la competici\u00f3 pel nostre primer equip. Ho fa a domicili, concretament a l&#8217;Estadi Municipal Ramon Farr\u00fas, ubicat a Lleida, localitat a la que ens desplacem per disputar la primera jornada contra l&#8217;Atl\u00e8tic Lleida. El duel es disputar\u00e0 aquest diumenge 8 de setembre a partir de les 12:00h. Recordem que el partit ser\u00e0 retransm\u00e8s radiof\u00f3nicament al nostre canal de Twitch (novetat):<a href=\"http:\/\/twitch.tv\/fundaciograma\"> twitch.tv\/fundaciograma<\/a>. <\/p>\n\n\n\n<p>L&#8217;equip arriba preparat al primer partit despr\u00e9s d&#8217;una exigent pretemporada que es va iniciar a finals de Juliol i que ha tingut fins a 7 partits, contra rivals de diferents categories. Aix\u00f2 ha servit perqu\u00e8 l&#8217;equip es posi a to i arribi de la millor manera possible al debut lliguer. <\/p>\n\n\n\n<p>El capit\u00e0 Roger Garc\u00eda ha explicat a la pr\u00e8via d&#8217;aquest duel que \u00abl&#8217;equip arriba en condicions \u00f2ptimes a l&#8217;inici de lliga. El joc \u00e9s bo perqu\u00e8 les sensacions han estat bones i nom\u00e9s falta comen\u00e7ar a competir. Som ambiciosos i anem a pels 3 punts\u00bb. Per la seva part, l&#8217;entrenador Joan Esteva ha valorat que \u00abarribem amb il\u00b7lusi\u00f3 i amb ganes d&#8217;aconseguir els primers 3 punts de la temporada\u00bb.<\/p>\n\n\n\n<p>L&#8217;Atl\u00e8tic Lleida \u00e9s un equip recent ascendit des de la Lliga \u00c8lit per\u00f2 ambici\u00f3s i amb un for\u00e7a renovat respecte la temporada passada. Aix\u00ed mateix, cal remarcar que aquest partit ser\u00e0 el primer en la hist\u00f2ria entre el club lleidat\u00e0 i la Fundaci\u00f3 Esportiva Grama.<\/p>\n\n\n\n<p><strong><em>FITXA DE PARTIT: ATL\u00c8TIC LLEIDA &#8211; FE GRAMA<\/em><\/strong><\/p>\n\n\n\n<p><strong>Competici\u00f3<\/strong>: Jornada 1 de la Tercera RFEF (Grup V)<br><strong>Horari<\/strong>: Diumenge 8 de Setembre. 12:00h.<br><strong>Estadi<\/strong>: Municipal Ramon Farr\u00fas (Lleida)<br><strong>Arbitratge<\/strong>: Jos\u00e9 Jare\u00f1o Gil (Tarragona), assistit per Andrea Tena Colome (Terres de l&#8217;Ebre) i Antonio Berzosa Carballo (Tarragona).<br><strong>Seguiment<\/strong>: Xarxes socials @FundacioGrama i retransmissi\u00f3 radiof\u00f2nica a <a href=\"http:\/\/twitch.tv\/fundaciograma\">Twitch<\/a>.<\/p>\n","protected":false},"excerpt":{"rendered":"<p>La FE Grama inicia el campionat de Tercera RFEF visitant el Ramon Farr\u00fas per jugar contra l&#8217;Atl\u00e8tic Lleida Quatre mesos m\u00e9s tard del darrer partit oficial, torna la competici\u00f3 pel nostre primer equip. Ho fa a domicili, concretament a l&#8217;Estadi Municipal Ramon Farr\u00fas, ubicat a Lleida, localitat a la que ens desplacem per disputar la [&hellip;]<\/p>\n","protected":false},"author":8,"featured_media":34800,"comment_status":"closed","ping_status":"closed","sticky":false,"template":"","format":"standard","meta":{"footnotes":""},"categories":[1334,5],"tags":[],"class_list":["post-34796","post","type-post","status-publish","format-standard","has-post-thumbnail","hentry","category-previes","category-primer-equip"],"_links":{"self":[{"href":"http:\/\/fegrama.cat\/web\/wp-json\/wp\/v2\/posts\/34796","targetHints":{"allow":["GET"]}}],"collection":[{"href":"http:\/\/fegrama.cat\/web\/wp-json\/wp\/v2\/posts"}],"about":[{"href":"http:\/\/fegrama.cat\/web\/wp-json\/wp\/v2\/types\/post"}],"author":[{"embeddable":true,"href":"http:\/\/fegrama.cat\/web\/wp-json\/wp\/v2\/users\/8"}],"replies":[{"embeddable":true,"href":"http:\/\/fegrama.cat\/web\/wp-json\/wp\/v2\/comments?post=34796"}],"version-history":[{"count":5,"href":"http:\/\/fegrama.cat\/web\/wp-json\/wp\/v2\/posts\/34796\/revisions"}],"predecessor-version":[{"id":34808,"href":"http:\/\/fegrama.cat\/web\/wp-json\/wp\/v2\/posts\/34796\/revisions\/34808"}],"wp:featuredmedia":[{"embeddable":true,"href":"http:\/\/fegrama.cat\/web\/wp-json\/wp\/v2\/media\/34800"}],"wp:attachment":[{"href":"http:\/\/fegrama.cat\/web\/wp-json\/wp\/v2\/media?parent=34796"}],"wp:term":[{"taxonomy":"category","embeddable":true,"href":"http:\/\/fegrama.cat\/web\/wp-json\/wp\/v2\/categories?post=34796"},{"taxonomy":"post_tag","embeddable":true,"href":"http:\/\/fegrama.cat\/web\/wp-json\/wp\/v2\/tags?post=34796"}],"curies":[{"name":"wp","href":"https:\/\/api.w.org\/{rel}","templated":true}]}}