{"id":34778,"date":"2024-08-30T09:51:47","date_gmt":"2024-08-30T08:51:47","guid":{"rendered":"http:\/\/fegrama.cat\/web\/?p=34778"},"modified":"2024-08-30T09:52:50","modified_gmt":"2024-08-30T08:52:50","slug":"la-fe-grama-tindra-canal-de-twitch","status":"publish","type":"post","link":"http:\/\/fegrama.cat\/web\/la-fe-grama-tindra-canal-de-twitch\/","title":{"rendered":"La FE Grama tindr\u00e0 canal de Twitch"},"content":{"rendered":"\n<p class=\"has-white-color has-text-color has-link-color wp-elements-7bc0d17a3be4a9cf79e3483466a28e0c\">La Fundaci\u00f3 Esportiva Grama es troba en ple proc\u00e9s d&#8217;innovaci\u00f3 als seus canals digitals per aconseguir arribar m\u00e9s enll\u00e0 i estar al dia de les tend\u00e8ncies actuals. \u00c9s per aix\u00f2 que en la cerca d&#8217;aquesta innovaci\u00f3, a partir de la temporada 2024-25 que iniciar\u00e0 aviat amb el partit Atl\u00e8tic Lleida &#8211; FE Grama, el club canvia el format de retransmissions. <\/p>\n\n\n\n<p class=\"has-white-color has-text-color has-link-color wp-elements-6d71fe22cddb982c7df2c3a9b6c80e23\">Fins ara, els partits es podien seguir en directe a trav\u00e9s de la p\u00e0gina web <a href=\"http:\/\/gramaradio.cat\">gramaradio.cat<\/a>. Aix\u00f2 canvia a partir de l&#8217;inici d&#8217;aquesta nova campanya, on els partits s&#8217;emetran a trav\u00e9s del canal oficial de la Grama a la plataforma Twitch. Aquesta retransmissi\u00f3 es realitzar\u00e0 a trav\u00e9s d\u2019una connexi\u00f3 via \u00e0udio, com es feia fins ara amb la r\u00e0dio, per\u00f2 oferint tamb\u00e9 elements visuals i una major connexi\u00f3 entre els narradors i les persones, que podran comunicar-se a trav\u00e9s del xat. Aix\u00ed mateix, s&#8217;oferir\u00e0 una major profunditat de continguts, amb pr\u00e8via i postpartit amb protagonistes del duel. En definitiva, una millor experi\u00e8ncia final per a l&#8217;aficionat que vol seguir el partit amb nosaltres. Podeu seguir el canal al seg\u00fcent enlla\u00e7: <a href=\"https:\/\/www.twitch.tv\/fundaciograma\">https:\/\/www.twitch.tv\/fundaciograma<\/a><\/p>\n\n\n\n<p class=\"has-white-color has-text-color has-link-color wp-elements-8afded4c118e74c93d837d5ac1be7b96\">L&#8217;obertura d&#8217;aquest canal digital s&#8217;emmarca en el posicionament del club a l&#8217;\u00e0mbit comunicatiu, amb pres\u00e8ncia a Instagram, X (Twitter), Facebook, YouTube i TikTok, que \u00e9s una de les novetats per la present temporada. El nou espai a Twitch tamb\u00e9 permetr\u00e0 posar en marxa un programa d&#8217;actualitat que repassar\u00e0 setmanalment tot el que envolta al nostre club. Est\u00e0 previst que aquest nou programa sigui una realitat aviat i s&#8217;emeti cada dimecres en un horari encara per confirmar, oferint el post de la jornada i la pr\u00e8via del que vindr\u00e0 el cap de setmana seg\u00fcent.<\/p>\n\n\n\n<p class=\"has-white-color has-text-color has-link-color wp-elements-612ae092c8dfb16c58d9f9920126f8bd\">Arran d&#8217;aquest canvi de plataforma, tamb\u00e9 s\u00f3n substitu\u00efdes les persones que han explicat els partits fins ara a trav\u00e9s del portal web gramaradio.cat; David Llamas i David Pons. Des de la Fundaci\u00f3 els volem donar les gr\u00e0cies per la tasca duta a terme durant tot el temps que han estat amb nosaltres i desitjar-los la major de les sorts pel futur. <\/p>\n\n\n\n<p class=\"has-white-color has-text-color has-link-color wp-elements-5bba3d375c7d00792a348517d9b71e88\">(Castellano)<\/p>\n\n\n\n<p class=\"has-white-color has-text-color has-link-color wp-elements-4a9a64ee5a37d11056fafa7990cec0d1\">La Fundaci\u00f3 Esportiva Grama se encuentra en pleno proceso de innovaci\u00f3n en sus canales digitales para conseguir llegar m\u00e1s all\u00e1 y estar al d\u00eda de las tendencias actuales. Es por eso que en la b\u00fasqueda de esta innovaci\u00f3n, a partir de la temporada 2024-25 que iniciar\u00e1 en breve con el partido Atl\u00e9tic Lleida &#8211; FE Grama, el club cambia el formato de retransmisiones.<\/p>\n\n\n\n<p class=\"has-white-color has-text-color has-link-color wp-elements-780a839d0f58efaf0cffb3414f809ced\">Hasta ahora, los partidos pod\u00edan seguirse en directo a trav\u00e9s de la p\u00e1gina web gramaradio.cat. Esto cambia a partir del inicio de esta nueva campa\u00f1a, en la que los partidos se emitir\u00e1n a trav\u00e9s del canal oficial de la Grama en la plataforma Twitch. Esta retransmisi\u00f3n se realizar\u00e1 a trav\u00e9s de una conexi\u00f3n v\u00eda audio, como hasta ahora se hac\u00eda con la radio, pero ofreciendo tambi\u00e9n elementos visuales y una mayor conexi\u00f3n entre los narradores y las personas, que podr\u00e1n comunicarse a trav\u00e9s del chat. Asimismo, se ofrecer\u00e1 una mayor profundidad de contenidos, previa y postpartido con protagonistas del duelo. En definitiva, una mejor experiencia final para el aficionado que desea seguir el partido con nosotros. Puede seguir el canal en el siguiente enlace: <a href=\"https:\/\/www.twitch.tv\/fundaciograma\">https:\/\/www.twitch.tv\/fundaciograma<\/a><\/p>\n\n\n\n<p class=\"has-white-color has-text-color has-link-color wp-elements-c2df16dfbc6e17d11fcb22cf9d30425e\">La apertura de este canal digital se enmarca en el posicionamiento del club en el \u00e1mbito comunicativo, con presencia en Instagram, X (Twitter), Facebook, YouTube y TikTok, que es una de las novedades para la presente temporada. El nuevo espacio en Twitch tambi\u00e9n permitir\u00e1 poner en marcha un programa de actualidad que repasar\u00e1 semanalmente todo lo que envuelve a nuestro club. Est\u00e1 previsto que este nuevo programa sea una realidad pronto y se emita cada mi\u00e9rcoles en un horario a\u00fan por confirmar, ofreciendo el post de la jornada y la previa de lo que vendr\u00e1 el fin de semana siguiente.<\/p>\n\n\n\n<p class=\"has-white-color has-text-color has-link-color wp-elements-5bc55df8e6324db0b1de4276e5536db5\">A ra\u00edz de este cambio de plataforma, tambi\u00e9n son sustituidas las personas que han contado los partidos hasta ahora a trav\u00e9s del portal web gramaradio.cat; David Llamas y David Pons. Desde la Fundaci\u00f3 les queremos dar las gracias por la labor llevada a cabo durante todo el tiempo que han estado con nosotros y desearles la mayor de las suertes para el futuro.<\/p>\n","protected":false},"excerpt":{"rendered":"<p>La Fundaci\u00f3 Esportiva Grama es troba en ple proc\u00e9s d&#8217;innovaci\u00f3 als seus canals digitals per aconseguir arribar m\u00e9s enll\u00e0 i estar al dia de les tend\u00e8ncies actuals. \u00c9s per aix\u00f2 que en la cerca d&#8217;aquesta innovaci\u00f3, a partir de la temporada 2024-25 que iniciar\u00e0 aviat amb el partit Atl\u00e8tic Lleida &#8211; FE Grama, el club [&hellip;]<\/p>\n","protected":false},"author":1,"featured_media":34787,"comment_status":"closed","ping_status":"closed","sticky":false,"template":"","format":"standard","meta":{"footnotes":""},"categories":[1348,14],"tags":[],"class_list":["post-34778","post","type-post","status-publish","format-standard","has-post-thumbnail","hentry","category-club","category-noticies"],"_links":{"self":[{"href":"http:\/\/fegrama.cat\/web\/wp-json\/wp\/v2\/posts\/34778","targetHints":{"allow":["GET"]}}],"collection":[{"href":"http:\/\/fegrama.cat\/web\/wp-json\/wp\/v2\/posts"}],"about":[{"href":"http:\/\/fegrama.cat\/web\/wp-json\/wp\/v2\/types\/post"}],"author":[{"embeddable":true,"href":"http:\/\/fegrama.cat\/web\/wp-json\/wp\/v2\/users\/1"}],"replies":[{"embeddable":true,"href":"http:\/\/fegrama.cat\/web\/wp-json\/wp\/v2\/comments?post=34778"}],"version-history":[{"count":8,"href":"http:\/\/fegrama.cat\/web\/wp-json\/wp\/v2\/posts\/34778\/revisions"}],"predecessor-version":[{"id":34790,"href":"http:\/\/fegrama.cat\/web\/wp-json\/wp\/v2\/posts\/34778\/revisions\/34790"}],"wp:featuredmedia":[{"embeddable":true,"href":"http:\/\/fegrama.cat\/web\/wp-json\/wp\/v2\/media\/34787"}],"wp:attachment":[{"href":"http:\/\/fegrama.cat\/web\/wp-json\/wp\/v2\/media?parent=34778"}],"wp:term":[{"taxonomy":"category","embeddable":true,"href":"http:\/\/fegrama.cat\/web\/wp-json\/wp\/v2\/categories?post=34778"},{"taxonomy":"post_tag","embeddable":true,"href":"http:\/\/fegrama.cat\/web\/wp-json\/wp\/v2\/tags?post=34778"}],"curies":[{"name":"wp","href":"https:\/\/api.w.org\/{rel}","templated":true}]}}