{"id":3466,"date":"2014-04-14T08:33:57","date_gmt":"2014-04-14T06:33:57","guid":{"rendered":"http:\/\/fegrama.cat\/web\/?p=3466"},"modified":"2014-04-14T08:33:57","modified_gmt":"2014-04-14T06:33:57","slug":"lalevi-b-de-la-fegrama-guanya-al-cabrils-per-6-a-3","status":"publish","type":"post","link":"http:\/\/fegrama.cat\/web\/lalevi-b-de-la-fegrama-guanya-al-cabrils-per-6-a-3\/","title":{"rendered":"L&#8217;Alev\u00ed B de la FEGrama guanya al Cabrils per 6 a 3"},"content":{"rendered":"<p style=\"text-align: justify;\"><span style=\"color: #000000;\">L&#8217;Alev\u00ed B de la FEGrama ha tornat a la seva din\u00e0mica de tornar a guanyar despr\u00e8s de l&#8217;empat a casa del Masnou per 3-3 de la setmana passada i guany\u00e0 al Cabrils per 6 a 3 al Nou Municipal de Santa Coloma.<\/span><\/p>\n<p style=\"text-align: justify;\"><span style=\"color: #000000;\">Tot i que es van adelantar els visitants del Maresme per 0-2, Pablo Tovar va retallar dist\u00e0ncies. I Marc Lozano, despr\u00e8s, va empatar a 2 gols.<\/span><\/p>\n<p style=\"text-align: justify;\"><span style=\"color: #000000;\">El mateix Marc adelantaria amb el seu doblet particular al conjunt de la Fundaci\u00f3 Grama 3-2. Iv\u00e1n Montes faria el 4-2 que donava certa aventatja als de Santa Coloma. Jordi Lozano marcaria el 5&#8211;2 i \u00c1lex \u00c1lamo el definitiu 6-3.<\/span><\/p>\n<p style=\"text-align: justify;\"><span style=\"color: #000000;\">Aquests tres punts per a l&#8217;equip de la Fundaci\u00f3 Grama que segueix cinqu\u00e8 i retalla en tres punts al seg\u00fcent a la classificaci\u00f3, el Mercantil, que es posa a nom\u00e8s dos punts despr\u00e8s que ha perdut per golejada davant el tercer el Premi\u00e0 de Dalt per 3-2.<\/span><\/p>\n<p style=\"text-align: justify;\"><span style=\"color: #000000;\">Aquests tres punts fa que el conjunt de la Fundaci\u00f3 Grama es consolidi a la cinquena amb 38 punts i es fiqui al grup capdavanter d&#8217;aquest grup 4 per continuar pujant posicions els pr\u00f2xims partits.<\/span><\/p>\n<p style=\"text-align: justify;\"><span style=\"color: #000000;\">El conjunt dirigit per Dani Rosa i D\u00eddac Caballero de la Fundaci\u00f3 Grama a la jornada 25 anir\u00e0 al Municipal d&#8217;Esports de Matar\u00f3, primer classificat amb 66 punts. Ser\u00e0 el pr\u00f2xim diumenge 27 d&#8217;abril des de les 10:00 hores.<\/span><\/p>\n<p style=\"text-align: justify;\"><a href=\"http:\/\/fegrama.cat\/web\/wp-content\/uploads\/2014\/04\/Alevi_B_presentacio_2013_FUNDACIOGRAMA0413.jpg\"><img loading=\"lazy\" decoding=\"async\" class=\"aligncenter size-full wp-image-3467\" alt=\"Alevi_B_presentacio_2013_FUNDACIOGRAMA041\" src=\"http:\/\/fegrama.cat\/web\/wp-content\/uploads\/2014\/04\/Alevi_B_presentacio_2013_FUNDACIOGRAMA0413.jpg\" width=\"640\" height=\"480\" \/><\/a><\/p>\n<p style=\"text-align: justify;\"><span style=\"color: #000000;\">[divider]<\/span><\/p>\n<p style=\"text-align: justify;\"><span style=\"color: #000000;\">[button color=\u00bbblue\u00bb size=\u00bbsmall\u00bb link=\u00bbhttp:\/\/www.fcf.cat\/pnfg\/NFG_CmpJornada?cod_primaria=1000120&amp;CodCompeticion=18473305&amp;CodGrupo=18504080&amp;CodTemporada=9&amp;CodJornada=10&#8243; target=\u00bbblank\u00bb ]Resultats[\/button]<\/span><\/p>\n<p style=\"text-align: justify;\"><span style=\"color: #000000;\">[button color=\u00bbblue\u00bb size=\u00bbsmall\u00bb link=\u00bbhttp:\/\/www.fcf.cat\/pnfg\/NPcd\/NFG_VisClasificacion?cod_primaria=1000120&amp;codgrupo=18504080&amp;codcompeticion=18473305&#8243; target=\u00bbblank\u00bb ]Classificaci\u00f3[\/button]<\/span><\/p>\n<p style=\"text-align: justify;\"><span style=\"color: #000000;\">El Alev\u00edn B de la FEGrama ha vuelto a su din\u00e1mica de volver a ganar despu\u00e9s del empate en casa del Masnou por 3-3 de la semana pasada y gan\u00f3 al Cabrils por 6 a 3 en el Nou Municipal de Santa Coloma .<\/span><\/p>\n<p style=\"text-align: justify;\"><span style=\"color: #000000;\">Aunque se adelant\u00f3 a los visitantes del Maresme por 0-2 , Pablo Tovar recort\u00f3 distancias . Y Marc Lozano , despu\u00e9s , empat\u00f3 a 2 goles .<\/span><\/p>\n<p style=\"text-align: justify;\"><span style=\"color: #000000;\">El mismo Marc adelantado con su doblete particular al conjunto de la Fundaci\u00f3n Grama 3-2 . Iv\u00e1n Montes har\u00eda el 4-2 que daba cierta aventaja a los de Santa Coloma . Jordi Lozano marcar\u00eda el 5-2 y \u00c1lex \u00c1lamo el definitivo 6-3.<\/span><\/p>\n<p style=\"text-align: justify;\"><span style=\"color: #000000;\">Estos tres puntos para el equipo de la Fundaci\u00f3n Grama que sigue quinto y recorta en tres puntos al siguiente en la clasificaci\u00f3n, el Mercantil , que se pone a solo dos puntos despu\u00e9s de que ha perdido por goleada ante el tercero el Premi\u00e0 de Dalt por 3-2 .<\/span><\/p>\n<p style=\"text-align: justify;\"><span style=\"color: #000000;\">Estos tres puntos hace que el conjunto de la Fundaci\u00f3n Grama se consolide en la quinta con 38 puntos y se meta en el grupo de cabeza de este grupo 4 para seguir subiendo posiciones en los pr\u00f3ximos partidos.<\/span><\/p>\n<p style=\"text-align: justify;\"><span style=\"color: #000000;\">El conjunto dirigido por Dani Rosa y Diego Caballero de la Fundaci\u00f3n Grama a la jornada 25 ir\u00e1 al Municipal de Deportes de Matar\u00f3 , primer clasificado con 66 puntos . Ser\u00e1 el pr\u00f3ximo domingo 27 de abril desde las 10:00 horas .<\/span><\/p>\n<p style=\"text-align: justify;\"><span style=\"color: #000000;\"><strong>Visca l&#8217;Esperit Grama!!!<\/strong><\/span><\/p>\n","protected":false},"excerpt":{"rendered":"<p>L&#8217;Alev\u00ed B de la FEGrama ha tornat a la seva din\u00e0mica de tornar a guanyar despr\u00e8s de l&#8217;empat a casa del Masnou per 3-3 de la setmana passada i guany\u00e0 al Cabrils per 6 a 3 al Nou Municipal de Santa Coloma. Tot i que es van adelantar els visitants del Maresme per 0-2, Pablo [&hellip;]<\/p>\n","protected":false},"author":1,"featured_media":0,"comment_status":"closed","ping_status":"closed","sticky":false,"template":"","format":"standard","meta":{"footnotes":""},"categories":[10,4],"tags":[],"class_list":["post-3466","post","type-post","status-publish","format-standard","hentry","category-alevins","category-base-inclusiu"],"_links":{"self":[{"href":"http:\/\/fegrama.cat\/web\/wp-json\/wp\/v2\/posts\/3466","targetHints":{"allow":["GET"]}}],"collection":[{"href":"http:\/\/fegrama.cat\/web\/wp-json\/wp\/v2\/posts"}],"about":[{"href":"http:\/\/fegrama.cat\/web\/wp-json\/wp\/v2\/types\/post"}],"author":[{"embeddable":true,"href":"http:\/\/fegrama.cat\/web\/wp-json\/wp\/v2\/users\/1"}],"replies":[{"embeddable":true,"href":"http:\/\/fegrama.cat\/web\/wp-json\/wp\/v2\/comments?post=3466"}],"version-history":[{"count":1,"href":"http:\/\/fegrama.cat\/web\/wp-json\/wp\/v2\/posts\/3466\/revisions"}],"predecessor-version":[{"id":3468,"href":"http:\/\/fegrama.cat\/web\/wp-json\/wp\/v2\/posts\/3466\/revisions\/3468"}],"wp:attachment":[{"href":"http:\/\/fegrama.cat\/web\/wp-json\/wp\/v2\/media?parent=3466"}],"wp:term":[{"taxonomy":"category","embeddable":true,"href":"http:\/\/fegrama.cat\/web\/wp-json\/wp\/v2\/categories?post=3466"},{"taxonomy":"post_tag","embeddable":true,"href":"http:\/\/fegrama.cat\/web\/wp-json\/wp\/v2\/tags?post=3466"}],"curies":[{"name":"wp","href":"https:\/\/api.w.org\/{rel}","templated":true}]}}