{"id":3458,"date":"2014-04-14T08:28:18","date_gmt":"2014-04-14T06:28:18","guid":{"rendered":"http:\/\/fegrama.cat\/web\/?p=3458"},"modified":"2014-04-13T22:32:43","modified_gmt":"2014-04-13T20:32:43","slug":"el-preferent-alevi-de-la-fegrama-cau-a-casa-de-lespanyol","status":"publish","type":"post","link":"http:\/\/fegrama.cat\/web\/el-preferent-alevi-de-la-fegrama-cau-a-casa-de-lespanyol\/","title":{"rendered":"El Preferent Alev\u00ed de la FEGrama cau a casa de l&#8217;Espanyol"},"content":{"rendered":"<p style=\"text-align: justify;\"><span style=\"color: #000000;\">El Preferent Alev\u00ed de la FEGrama ha caigut a la seva visita al camp del tercer classificat com \u00e9s l&#8217;Espanyol per 6 a 0.<\/span><\/p>\n<p style=\"text-align: justify;\"><span style=\"color: #000000;\">Encara amb aquest resultat, els jugadors de la Fundaci\u00f3 Grama s\u00f3n, per\u00f2, a la tretzena posici\u00f3 a la classificaci\u00f3 amb 27 punts empatats amb L&#8217;Hospitalet.<\/span><\/p>\n<p style=\"text-align: justify;\"><span style=\"color: #000000;\">Aix\u00ed a la jornada 25, el conjunt de la FEG dirigit per Ferran Hern\u00e1ndez rebr\u00e0 al Nou Municipal de Santa Coloma al Mercantil, cuer classificat amb 20 punts el pr\u00f2xim dissabte 26 d&#8217;abril des de les 11:00 hores.<a href=\"http:\/\/fegrama.cat\/web\/wp-content\/uploads\/2014\/04\/Alevi_A_presentacio_2013_FUNDACIOGRAMA0404.jpg\"><img loading=\"lazy\" decoding=\"async\" class=\"aligncenter size-full wp-image-3459\" alt=\"Alevi_A_presentacio_2013_FUNDACIOGRAMA040\" src=\"http:\/\/fegrama.cat\/web\/wp-content\/uploads\/2014\/04\/Alevi_A_presentacio_2013_FUNDACIOGRAMA0404.jpg\" width=\"640\" height=\"480\" \/><\/a><\/span><\/p>\n<p style=\"text-align: justify;\"><span style=\"color: #000000;\">[divider]<\/span><\/p>\n<p style=\"text-align: justify;\"><span style=\"color: #000000;\">[button color=\u00bbblue\u00bb size=\u00bbsmall\u00bb link=\u00bbhttp:\/\/www.fcf.cat\/pnfg\/NFG_CmpJornada?cod_primaria=1000120&amp;CodCompeticion=18473304&amp;CodGrupo=18492801&amp;CodTemporada=9&amp;CodJornada=13&#8243; target=\u00bbblank\u00bb ]Resultats[\/button]<\/span><\/p>\n<p style=\"text-align: justify;\"><span style=\"color: #000000;\">[button color=\u00bbblue\u00bb size=\u00bbsmall\u00bb link=\u00bbhttp:\/\/www.fcf.cat\/pnfg\/NPcd\/NFG_VisClasificacion?cod_primaria=1000120&amp;codgrupo=18492801&amp;codcompeticion=18473304&#8243; target=\u00bbblank\u00bb ]Classificaci\u00f3[\/button]<\/span><\/p>\n<p style=\"text-align: justify;\"><span style=\"color: #000000;\">El Preferente Alev\u00edn de la FEGrama ha ca\u00eddo en su visita al campo del tercer clasificado como es el Espa\u00f1ol por 6 a 0.<\/span><\/p>\n<p style=\"text-align: justify;\"><span style=\"color: #000000;\">A\u00fan con este resultado, los jugadores de la Fundaci\u00f3n Grama son, sin embargo, a la decimotercera posici\u00f3n en la clasificaci\u00f3n con 27 puntos empatados con el Hospitalet.<\/span><\/p>\n<p style=\"text-align: justify;\"><span style=\"color: #000000;\">As\u00ed en la jornada 25, el conjunto de la FEG dirigido por Ferran Hern\u00e1ndez recibir\u00e1 el Nou Municipal de Santa Coloma en el Mercantil, colista clasificado con 20 puntos el pr\u00f3ximo s\u00e1bado 26 de abril desde las 11:00 horas.<\/span><\/p>\n<p style=\"text-align: justify;\"><span style=\"color: #000000;\"><strong>Visca l&#8217;Esperit Grama!!!<\/strong><\/span><\/p>\n","protected":false},"excerpt":{"rendered":"<p>El Preferent Alev\u00ed de la FEGrama ha caigut a la seva visita al camp del tercer classificat com \u00e9s l&#8217;Espanyol per 6 a 0. Encara amb aquest resultat, els jugadors de la Fundaci\u00f3 Grama s\u00f3n, per\u00f2, a la tretzena posici\u00f3 a la classificaci\u00f3 amb 27 punts empatats amb L&#8217;Hospitalet. Aix\u00ed a la jornada 25, el [&hellip;]<\/p>\n","protected":false},"author":1,"featured_media":0,"comment_status":"closed","ping_status":"closed","sticky":false,"template":"","format":"standard","meta":{"footnotes":""},"categories":[10,4],"tags":[],"class_list":["post-3458","post","type-post","status-publish","format-standard","hentry","category-alevins","category-base-inclusiu"],"_links":{"self":[{"href":"http:\/\/fegrama.cat\/web\/wp-json\/wp\/v2\/posts\/3458","targetHints":{"allow":["GET"]}}],"collection":[{"href":"http:\/\/fegrama.cat\/web\/wp-json\/wp\/v2\/posts"}],"about":[{"href":"http:\/\/fegrama.cat\/web\/wp-json\/wp\/v2\/types\/post"}],"author":[{"embeddable":true,"href":"http:\/\/fegrama.cat\/web\/wp-json\/wp\/v2\/users\/1"}],"replies":[{"embeddable":true,"href":"http:\/\/fegrama.cat\/web\/wp-json\/wp\/v2\/comments?post=3458"}],"version-history":[{"count":1,"href":"http:\/\/fegrama.cat\/web\/wp-json\/wp\/v2\/posts\/3458\/revisions"}],"predecessor-version":[{"id":3460,"href":"http:\/\/fegrama.cat\/web\/wp-json\/wp\/v2\/posts\/3458\/revisions\/3460"}],"wp:attachment":[{"href":"http:\/\/fegrama.cat\/web\/wp-json\/wp\/v2\/media?parent=3458"}],"wp:term":[{"taxonomy":"category","embeddable":true,"href":"http:\/\/fegrama.cat\/web\/wp-json\/wp\/v2\/categories?post=3458"},{"taxonomy":"post_tag","embeddable":true,"href":"http:\/\/fegrama.cat\/web\/wp-json\/wp\/v2\/tags?post=3458"}],"curies":[{"name":"wp","href":"https:\/\/api.w.org\/{rel}","templated":true}]}}