{"id":3455,"date":"2014-04-14T08:18:25","date_gmt":"2014-04-14T06:18:25","guid":{"rendered":"http:\/\/fegrama.cat\/web\/?p=3455"},"modified":"2014-04-13T22:28:13","modified_gmt":"2014-04-13T20:28:13","slug":"lalevi-d-de-la-fegrama-ha-guanyat-a-casa-del-parc-per-2-4","status":"publish","type":"post","link":"http:\/\/fegrama.cat\/web\/lalevi-d-de-la-fegrama-ha-guanyat-a-casa-del-parc-per-2-4\/","title":{"rendered":"L&#8217;Alev\u00ed D de la FEGrama ha guanyat a casa del Parc per 2-4"},"content":{"rendered":"<p style=\"text-align: justify;\"><span style=\"color: #000000;\">L&#8217;Alev\u00ed D FEGrama ha fet els deures enfront un sis\u00e8 classificat com el Parc i l&#8217;ha guanyat a la seva casa per 2-4.<\/span><\/p>\n<p style=\"text-align: justify;\"><span style=\"color: #000000;\">Encara que el resultat pot enganyar bastant perqu\u00e8 encara que els de Santa Coloma es van adelantar amb un gol d&#8217;Oliver Israel Acosta, els locals van empatar seguidament.<\/span><\/p>\n<p style=\"text-align: justify;\"><span style=\"color: #000000;\">Jordi Lozano tornaria a donar aventatja als de la Fundaci\u00f3 Grama que veien com empataven a 2-2 altre cop. Per\u00f2 a la segona meitat s&#8217;apretaria i Sergio Fern\u00e1ndez primer i el segon d&#8217;Oliver Israel deixarien els tres punts per als visitants blanquiblaus.<\/span><\/p>\n<p style=\"text-align: justify;\"><span style=\"color: #000000;\">El conjunt de Santa Coloma dirigit per Isma Rom\u00e1n aconsegueix la seva segona vict\u00f2ria seguida i es consolida tercer i perseguint a nom\u00e9s tres punts a la Escola Brafa i amb 8 punts al l\u00edder el Catal\u00f2nia.<\/span><\/p>\n<p style=\"text-align: justify;\"><span style=\"color: #000000;\">Aquesta vict\u00f2ria fa que aquest Alev\u00ed D FEGrama es consolid\u00e8s a dalt d&#8217;aquest grup 10 de Tercera Divisi\u00f3 supera ara per l&#8217;Arrabal-Calaf per un punt despr\u00e8s d&#8217;empatar a dos gols amb la Escola Brafa, que justament la Escola Brafa tamb\u00e9 ha empatat i es queda a nom\u00e8s 3 punts. El l\u00edder el Catal\u00f2nia no ha fallat i es planta amb 61 punts.<\/span><\/p>\n<p style=\"text-align: justify;\"><span style=\"color: #000000;\">A la pr\u00f2xima jornada 25, l&#8217;equip de la Fundaci\u00f3 Grama, tercer amb 56 punts, rebr\u00e0 a Santa Coloma a la Escola Brafa, segon classificat amb 59 punts, el diumenge 26 d&#8217;abril a les 09:00 hores.<\/span><\/p>\n<p style=\"text-align: justify;\"><a href=\"http:\/\/fegrama.cat\/web\/wp-content\/uploads\/2014\/04\/Alevi_D_presentacio_2013_FUNDACIOGRAMA0433.jpg\"><img loading=\"lazy\" decoding=\"async\" class=\"aligncenter size-full wp-image-3456\" alt=\"Alevi_D_presentacio_2013_FUNDACIOGRAMA043\" src=\"http:\/\/fegrama.cat\/web\/wp-content\/uploads\/2014\/04\/Alevi_D_presentacio_2013_FUNDACIOGRAMA0433.jpg\" width=\"640\" height=\"480\" \/><\/a><\/p>\n<p style=\"text-align: justify;\"><span style=\"color: #000000;\">[divider]<\/span><\/p>\n<p style=\"text-align: justify;\"><span style=\"color: #000000;\">[button color=\u00bbblue\u00bb size=\u00bbsmall\u00bb link=\u00bbhttp:\/\/www.fcf.cat\/pnfg\/NFG_CmpJornada?cod_primaria=1000120&amp;CodCompeticion=18473309&amp;CodGrupo=18578226&amp;CodTemporada=9&amp;CodJornada=10&#8243; target=\u00bbblank\u00bb ]Resultats[\/button]<\/span><\/p>\n<p style=\"text-align: justify;\"><span style=\"color: #000000;\">[button color=\u00bbblue\u00bb size=\u00bbsmall\u00bb link=\u00bbhttp:\/\/www.fcf.cat\/pnfg\/NPcd\/NFG_VisClasificacion?cod_primaria=1000120&amp;codgrupo=18578226&amp;codcompeticion=18473309&#8243; target=\u00bbblank\u00bb ]Classificaci\u00f3[\/button]<\/span><\/p>\n<p style=\"text-align: justify;\"><span style=\"color: #000000;\">El Alev\u00edn D FEGRAM ha hecho los deberes frente a un sexto clasificado como el Parque y la ha ganado en su casa por 2-4 .<\/span><\/p>\n<p style=\"text-align: justify;\"><span style=\"color: #000000;\">Aunque el resultado puede enga\u00f1ar bastante porque aunque los de Santa Coloma se adelant\u00f3 con un gol de Oliver Israel Acosta , los locales empataron seguidamente .<\/span><\/p>\n<p style=\"text-align: justify;\"><span style=\"color: #000000;\">Jordi Lozano volver\u00eda a dar aventaja a los de la Fundaci\u00f3n Grama que ve\u00edan como empataban a 2-2 otra vez . Pero en la segunda mitad se aprieta y Sergio Fern\u00e1ndez primero y el segundo de Oliver Israel dejar\u00edan los tres puntos para los visitantes blanquiazules.<\/span><\/p>\n<p style=\"text-align: justify;\"><span style=\"color: #000000;\">El conjunto de Santa Coloma dirigido por Isma Rom\u00e1n consigue su segunda victoria seguida y se consolida tercero y persiguiendo a s\u00f3lo tres puntos a la Escuela Brafa y con 8 puntos al l\u00edder el Catal\u00f2nia .<\/span><\/p>\n<p style=\"text-align: justify;\"><span style=\"color: #000000;\">Esta victoria hace que este Alev\u00edn D FEGRAM se consolida arriba de este grupo 10 de Tercera Divisi\u00f3n supera ahora por el Arrabal &#8211; Calaf por un punto despu\u00e9s de empatar a dos goles con la Escuela Brafa , que justamente la Escuela Brafa tambi\u00e9n ha empatado y se queda a s\u00f3lo 3 puntos . El l\u00edder el Catal\u00f2nia no ha fallado y se planta con 61 puntos .<\/span><\/p>\n<p style=\"text-align: justify;\"><span style=\"color: #000000;\">En la pr\u00f3xima jornada 25 , el equipo de la Fundaci\u00f3n Grama , tercero con 56 puntos , recibir\u00e1 en Santa Coloma en la Escuela Brafa , segundo clasificado con 59 puntos , el domingo 26 de abril a las 09:00 horas .<\/span><\/p>\n<p style=\"text-align: justify;\"><span style=\"color: #000000;\"><strong>Visca l&#8217;Esperit Grama!!!<\/strong><\/span><\/p>\n","protected":false},"excerpt":{"rendered":"<p>L&#8217;Alev\u00ed D FEGrama ha fet els deures enfront un sis\u00e8 classificat com el Parc i l&#8217;ha guanyat a la seva casa per 2-4. Encara que el resultat pot enganyar bastant perqu\u00e8 encara que els de Santa Coloma es van adelantar amb un gol d&#8217;Oliver Israel Acosta, els locals van empatar seguidament. Jordi Lozano tornaria a [&hellip;]<\/p>\n","protected":false},"author":1,"featured_media":0,"comment_status":"closed","ping_status":"closed","sticky":false,"template":"","format":"standard","meta":{"footnotes":""},"categories":[10,4],"tags":[],"class_list":["post-3455","post","type-post","status-publish","format-standard","hentry","category-alevins","category-base-inclusiu"],"_links":{"self":[{"href":"http:\/\/fegrama.cat\/web\/wp-json\/wp\/v2\/posts\/3455","targetHints":{"allow":["GET"]}}],"collection":[{"href":"http:\/\/fegrama.cat\/web\/wp-json\/wp\/v2\/posts"}],"about":[{"href":"http:\/\/fegrama.cat\/web\/wp-json\/wp\/v2\/types\/post"}],"author":[{"embeddable":true,"href":"http:\/\/fegrama.cat\/web\/wp-json\/wp\/v2\/users\/1"}],"replies":[{"embeddable":true,"href":"http:\/\/fegrama.cat\/web\/wp-json\/wp\/v2\/comments?post=3455"}],"version-history":[{"count":1,"href":"http:\/\/fegrama.cat\/web\/wp-json\/wp\/v2\/posts\/3455\/revisions"}],"predecessor-version":[{"id":3457,"href":"http:\/\/fegrama.cat\/web\/wp-json\/wp\/v2\/posts\/3455\/revisions\/3457"}],"wp:attachment":[{"href":"http:\/\/fegrama.cat\/web\/wp-json\/wp\/v2\/media?parent=3455"}],"wp:term":[{"taxonomy":"category","embeddable":true,"href":"http:\/\/fegrama.cat\/web\/wp-json\/wp\/v2\/categories?post=3455"},{"taxonomy":"post_tag","embeddable":true,"href":"http:\/\/fegrama.cat\/web\/wp-json\/wp\/v2\/tags?post=3455"}],"curies":[{"name":"wp","href":"https:\/\/api.w.org\/{rel}","templated":true}]}}