{"id":34538,"date":"2024-06-12T08:32:41","date_gmt":"2024-06-12T07:32:41","guid":{"rendered":"http:\/\/fegrama.cat\/web\/?p=34538"},"modified":"2024-06-12T16:06:28","modified_gmt":"2024-06-12T15:06:28","slug":"la-fe-grama-organiza-la-copa-catalana-2024-de-karate-kyokushin","status":"publish","type":"post","link":"http:\/\/fegrama.cat\/web\/la-fe-grama-organiza-la-copa-catalana-2024-de-karate-kyokushin\/","title":{"rendered":"La FE Grama organiza la Copa Catalana 2024 de Karate Kyokushin"},"content":{"rendered":"\n<p>\u00c9xito de participaci\u00f3n, organizaci\u00f3n y asistencia de la Copa Catalana 2024 de Karate Kyokushin, que el club organiz\u00f3 en el Pabell\u00f3n Polideportivo Nou de Santa Coloma. Durante toda la tarde del s\u00e1bado, se fueron sucediendo todo tipo de combates y exhibiciones sobre los tatamis del Pabell\u00f3n bajo la atenta mirada del p\u00fablico, que pudo comprar camisetas conmemorativas en la entrada del recinto.<\/p>\n\n\n\n<p>El evento tuvo la presencia de multitud de personas importantes, empezando por el Shihan Ram\u00f3n Bustinduy, presidente del Tribunal Nacional, que estuvo presidiendo la mesa central durante todo el Campeonato, y cabe destacar la presencia de Shihan Inma M\u00e1rquez, presidenta de IKO Espa\u00f1a. Asimismo, tambi\u00e9n estuvo presente el presidente de la FE Grama, Antonio Morales, mientras que la voz del acto la puso Xavier Andreu. Diferentes miembros del Ayuntamiento tambi\u00e9n visitaron el recinto durante la tarde para ver el desarrollo de la Copa Catalana 2024: Esteve Serrano (Primer teniente de alcaldesa del \u00e1rea de Servicios Territoriales, Urbanismo , Comercio y Movilidad), Sara Mart\u00ednez (tenienta de alcaldesa), Dani Salgado (concejal de Deportes), Manuel Arrebola (Concejal de Comercio y Turismo), Eva Espa\u00f1ol (Concejala y Presidenta de ERC en Santa Coloma), Toni Atienza (Consejal de Transportes y Mobilidad), Alvaro Rodilla (Concejal de Medio Ambiente y Protecci\u00f3n Animal).<\/p>\n\n\n\n<p>La Secci\u00f3n de Karate de la Fundaci\u00f3 Esportiva Grama, dirigida por su responsable Lee Redondo, logr\u00f3 unos magn\u00edficos resultados en la Copa Catalana 2024 de Karate Kyokushin, con m\u00e1s de 50 premiados. En la parte inferior de este art\u00edculo puede consultar los nombres y categor\u00edas donde nuestra entidad ha conseguido reconocimiento.<\/p>\n\n\n\n<figure class=\"wp-block-gallery has-nested-images columns-default is-cropped wp-block-gallery-1 is-layout-flex wp-block-gallery-is-layout-flex\">\n<figure class=\"wp-block-image size-large\"><a href=\"https:\/\/fegrama.cat\/web\/wp-content\/uploads\/2024\/06\/WhatsApp-Image-2024-06-12-at-09.29.21.jpeg\"><img loading=\"lazy\" decoding=\"async\" width=\"1024\" height=\"576\" data-id=\"34545\" src=\"https:\/\/fegrama.cat\/web\/wp-content\/uploads\/2024\/06\/WhatsApp-Image-2024-06-12-at-09.29.21-1024x576.jpeg\" alt=\"\" class=\"wp-image-34545\" srcset=\"http:\/\/fegrama.cat\/web\/wp-content\/uploads\/2024\/06\/WhatsApp-Image-2024-06-12-at-09.29.21-1024x576.jpeg 1024w, http:\/\/fegrama.cat\/web\/wp-content\/uploads\/2024\/06\/WhatsApp-Image-2024-06-12-at-09.29.21-300x169.jpeg 300w, http:\/\/fegrama.cat\/web\/wp-content\/uploads\/2024\/06\/WhatsApp-Image-2024-06-12-at-09.29.21-768x432.jpeg 768w, http:\/\/fegrama.cat\/web\/wp-content\/uploads\/2024\/06\/WhatsApp-Image-2024-06-12-at-09.29.21-1536x864.jpeg 1536w, http:\/\/fegrama.cat\/web\/wp-content\/uploads\/2024\/06\/WhatsApp-Image-2024-06-12-at-09.29.21.jpeg 1600w\" sizes=\"auto, (max-width: 1024px) 100vw, 1024px\" \/><\/a><\/figure>\n\n\n\n<figure class=\"wp-block-image size-large\"><a href=\"https:\/\/fegrama.cat\/web\/wp-content\/uploads\/2024\/06\/WhatsApp-Image-2024-06-12-at-09.29.26.jpeg\"><img loading=\"lazy\" decoding=\"async\" width=\"768\" height=\"1024\" data-id=\"34550\" src=\"https:\/\/fegrama.cat\/web\/wp-content\/uploads\/2024\/06\/WhatsApp-Image-2024-06-12-at-09.29.26-768x1024.jpeg\" alt=\"\" class=\"wp-image-34550\" srcset=\"http:\/\/fegrama.cat\/web\/wp-content\/uploads\/2024\/06\/WhatsApp-Image-2024-06-12-at-09.29.26-768x1024.jpeg 768w, http:\/\/fegrama.cat\/web\/wp-content\/uploads\/2024\/06\/WhatsApp-Image-2024-06-12-at-09.29.26-225x300.jpeg 225w, http:\/\/fegrama.cat\/web\/wp-content\/uploads\/2024\/06\/WhatsApp-Image-2024-06-12-at-09.29.26-1152x1536.jpeg 1152w, http:\/\/fegrama.cat\/web\/wp-content\/uploads\/2024\/06\/WhatsApp-Image-2024-06-12-at-09.29.26.jpeg 1200w\" sizes=\"auto, (max-width: 768px) 100vw, 768px\" \/><\/a><\/figure>\n\n\n\n<figure class=\"wp-block-image size-large\"><a href=\"https:\/\/fegrama.cat\/web\/wp-content\/uploads\/2024\/06\/WhatsApp-Image-2024-06-12-at-09.29.25.jpeg\"><img loading=\"lazy\" decoding=\"async\" width=\"1024\" height=\"685\" data-id=\"34547\" src=\"https:\/\/fegrama.cat\/web\/wp-content\/uploads\/2024\/06\/WhatsApp-Image-2024-06-12-at-09.29.25-1024x685.jpeg\" alt=\"\" class=\"wp-image-34547\" srcset=\"http:\/\/fegrama.cat\/web\/wp-content\/uploads\/2024\/06\/WhatsApp-Image-2024-06-12-at-09.29.25-1024x685.jpeg 1024w, http:\/\/fegrama.cat\/web\/wp-content\/uploads\/2024\/06\/WhatsApp-Image-2024-06-12-at-09.29.25-300x201.jpeg 300w, http:\/\/fegrama.cat\/web\/wp-content\/uploads\/2024\/06\/WhatsApp-Image-2024-06-12-at-09.29.25-768x514.jpeg 768w, http:\/\/fegrama.cat\/web\/wp-content\/uploads\/2024\/06\/WhatsApp-Image-2024-06-12-at-09.29.25-1536x1027.jpeg 1536w, http:\/\/fegrama.cat\/web\/wp-content\/uploads\/2024\/06\/WhatsApp-Image-2024-06-12-at-09.29.25.jpeg 1600w\" sizes=\"auto, (max-width: 1024px) 100vw, 1024px\" \/><\/a><\/figure>\n\n\n\n<figure class=\"wp-block-image size-large\"><a href=\"https:\/\/fegrama.cat\/web\/wp-content\/uploads\/2024\/06\/WhatsApp-Image-2024-06-12-at-09.29.24.jpeg\"><img loading=\"lazy\" decoding=\"async\" width=\"1024\" height=\"946\" data-id=\"34549\" src=\"https:\/\/fegrama.cat\/web\/wp-content\/uploads\/2024\/06\/WhatsApp-Image-2024-06-12-at-09.29.24-1024x946.jpeg\" alt=\"\" class=\"wp-image-34549\" srcset=\"http:\/\/fegrama.cat\/web\/wp-content\/uploads\/2024\/06\/WhatsApp-Image-2024-06-12-at-09.29.24-1024x946.jpeg 1024w, http:\/\/fegrama.cat\/web\/wp-content\/uploads\/2024\/06\/WhatsApp-Image-2024-06-12-at-09.29.24-300x277.jpeg 300w, http:\/\/fegrama.cat\/web\/wp-content\/uploads\/2024\/06\/WhatsApp-Image-2024-06-12-at-09.29.24-768x709.jpeg 768w, http:\/\/fegrama.cat\/web\/wp-content\/uploads\/2024\/06\/WhatsApp-Image-2024-06-12-at-09.29.24-1536x1419.jpeg 1536w, http:\/\/fegrama.cat\/web\/wp-content\/uploads\/2024\/06\/WhatsApp-Image-2024-06-12-at-09.29.24.jpeg 1600w\" sizes=\"auto, (max-width: 1024px) 100vw, 1024px\" \/><\/a><\/figure>\n\n\n\n<figure class=\"wp-block-image size-large\"><a href=\"https:\/\/fegrama.cat\/web\/wp-content\/uploads\/2024\/06\/WhatsApp-Image-2024-06-12-at-09.29.23.jpeg\"><img loading=\"lazy\" decoding=\"async\" width=\"1024\" height=\"620\" data-id=\"34546\" src=\"https:\/\/fegrama.cat\/web\/wp-content\/uploads\/2024\/06\/WhatsApp-Image-2024-06-12-at-09.29.23-1024x620.jpeg\" alt=\"\" class=\"wp-image-34546\" srcset=\"http:\/\/fegrama.cat\/web\/wp-content\/uploads\/2024\/06\/WhatsApp-Image-2024-06-12-at-09.29.23-1024x620.jpeg 1024w, http:\/\/fegrama.cat\/web\/wp-content\/uploads\/2024\/06\/WhatsApp-Image-2024-06-12-at-09.29.23-300x182.jpeg 300w, http:\/\/fegrama.cat\/web\/wp-content\/uploads\/2024\/06\/WhatsApp-Image-2024-06-12-at-09.29.23-768x465.jpeg 768w, http:\/\/fegrama.cat\/web\/wp-content\/uploads\/2024\/06\/WhatsApp-Image-2024-06-12-at-09.29.23.jpeg 1380w\" sizes=\"auto, (max-width: 1024px) 100vw, 1024px\" \/><\/a><\/figure>\n\n\n\n<figure class=\"wp-block-image size-large\"><a href=\"https:\/\/fegrama.cat\/web\/wp-content\/uploads\/2024\/06\/WhatsApp-Image-2024-06-12-at-09.29.22-1.jpeg\"><img loading=\"lazy\" decoding=\"async\" width=\"997\" height=\"1024\" data-id=\"34548\" src=\"https:\/\/fegrama.cat\/web\/wp-content\/uploads\/2024\/06\/WhatsApp-Image-2024-06-12-at-09.29.22-1-997x1024.jpeg\" alt=\"\" class=\"wp-image-34548\" srcset=\"http:\/\/fegrama.cat\/web\/wp-content\/uploads\/2024\/06\/WhatsApp-Image-2024-06-12-at-09.29.22-1-997x1024.jpeg 997w, http:\/\/fegrama.cat\/web\/wp-content\/uploads\/2024\/06\/WhatsApp-Image-2024-06-12-at-09.29.22-1-292x300.jpeg 292w, http:\/\/fegrama.cat\/web\/wp-content\/uploads\/2024\/06\/WhatsApp-Image-2024-06-12-at-09.29.22-1-768x789.jpeg 768w, http:\/\/fegrama.cat\/web\/wp-content\/uploads\/2024\/06\/WhatsApp-Image-2024-06-12-at-09.29.22-1.jpeg 1252w\" sizes=\"auto, (max-width: 997px) 100vw, 997px\" \/><\/a><\/figure>\n\n\n\n<figure class=\"wp-block-image size-large\"><a href=\"https:\/\/fegrama.cat\/web\/wp-content\/uploads\/2024\/06\/WhatsApp-Image-2024-06-12-at-09.29.22.jpeg\"><img loading=\"lazy\" decoding=\"async\" width=\"1024\" height=\"695\" data-id=\"34551\" src=\"https:\/\/fegrama.cat\/web\/wp-content\/uploads\/2024\/06\/WhatsApp-Image-2024-06-12-at-09.29.22-1024x695.jpeg\" alt=\"\" class=\"wp-image-34551\" srcset=\"http:\/\/fegrama.cat\/web\/wp-content\/uploads\/2024\/06\/WhatsApp-Image-2024-06-12-at-09.29.22-1024x695.jpeg 1024w, http:\/\/fegrama.cat\/web\/wp-content\/uploads\/2024\/06\/WhatsApp-Image-2024-06-12-at-09.29.22-300x204.jpeg 300w, http:\/\/fegrama.cat\/web\/wp-content\/uploads\/2024\/06\/WhatsApp-Image-2024-06-12-at-09.29.22-768x522.jpeg 768w, http:\/\/fegrama.cat\/web\/wp-content\/uploads\/2024\/06\/WhatsApp-Image-2024-06-12-at-09.29.22.jpeg 1200w\" sizes=\"auto, (max-width: 1024px) 100vw, 1024px\" \/><\/a><\/figure>\n<\/figure>\n\n\n\n<p>\u00c8xit de participaci\u00f3, organitzaci\u00f3 i assist\u00e8ncia de la Copa Catalana 2024 de Karate Kyokushin, que el club va organitzar al Pavell\u00f3 Poliesportiu Nou de Santa Coloma. Durant tota la tarda de dissabte, es van anar succe\u00efnt tota mena de combats i exhibicions sobre els tatamis del Pavell\u00f3 sota l&#8217;atenta mirada del p\u00fablic, que va poder comprar samarretes commemoratives a l&#8217;entrada del recinte.<\/p>\n\n\n\n<p>L&#8217;esdeveniment va tindre la pres\u00e8ncia de multitud de persones importants, comen\u00e7ant pel Shihan Ram\u00f3n Bustinduy, president del Tribunal Nacional, que va estar presidint la taula central durant tot el Campionat, i cal destacar la pres\u00e8ncia de la Shihan Inma M\u00e1rquez, presidenta d\u2019IKO Espa\u00f1a. Aix\u00ed mateix, tamb\u00e9 va estar present el president de la FE Grama, Antonio Morales, mentre que la veu de l&#8217;acte la va posar Xavier Andreu. Diferents membres de l&#8217;Ajuntament tamb\u00e9 van visitar el recinte durant la tarda per veure el desenvolupament de la Copa Catalana 2024: Esteve Serrano (Primer tinent d&#8217;alcaldessa de l&#8217;\u00e0rea de Serveis Territorials, Urbanisme, Comer\u00e7 i Mobilitat), Sara Mart\u00ednez (tinent d&#8217;alcaldessa), Dani Salgado (regidor d&#8217;Esports), Manuel Arrebola (Regidor de Comer\u00e7 i Turisme), Eva Espa\u00f1ol ( Regidora i Presidenta d&#8217;ERC a Santa Coloma), Toni Atienza (Consell de Transports i Mobilitat), Alvaro Rodilla (Regidor de Medi Ambient i Protecci\u00f3 Animal).<\/p>\n\n\n\n<p>La Secci\u00f3 de Karate de la Fundaci\u00f3 Esportiva Grama, dirigida pel seu responsable Lee Redondo, va aconseguir uns magn\u00edfics resultats a la <strong>Copa Catalana 2024 de Karate Kyokushin<\/strong>, amb m\u00e9s de 50 premiats. A la part inferior d&#8217;aquest article podeu consultar els noms i categories on la nostra entitat ha aconseguit reconeixement.<\/p>\n\n\n\n<p>\u2022 KATA Categor\u00eda cintur\u00f3n Naranja \/ Azul 6-9 a\u00f1os mixto: Zaid Boukkhatm (3\u00ba)<\/p>\n\n\n\n<p>\u2022 KATA Categor\u00eda Cintur\u00f3n Naranja \/ Azul: Leyre Moreno (1) i Wissal Abbou (2).<\/p>\n\n\n\n<p>\u2022 KUMITE Categor\u00eda Femenino de 6-7 a\u00f1os -20kg: Adara Esquifio (3\u00aa).<\/p>\n\n\n\n<p>\u2022 KUMITE Categor\u00eda Femenino de 6-7 a\u00f1os +20kg: Laia Alcaina (2\u00aa)<\/p>\n\n\n\n<p>\u2022 KUMITE Categor\u00eda Masculino de 6-7 a\u00f1os -20kg: Ekamoj Singh (1\u00ba)<\/p>\n\n\n\n<p>\u2022 KUMITE Categor\u00eda masculino de 6-7 +25kg: Samuel Bravo (2\u00ba), Alex C\u00e1diz (3\u00ba) i Gurkirat Pal (3\u00ba).<\/p>\n\n\n\n<p>\u2022KUMITE Categor\u00eda femenino 8-9 -30kg: Martina Simarro (1\u00aa), Ainara Mendoza (2\u00aa) i Zainab Guermouni (3\u00aa)<\/p>\n\n\n\n<p>\u2022KUMITE Categor\u00eda femenino 8-9 +30kg: Mays Hdadou (1\u00aa)<\/p>\n\n\n\n<p>\u2022KUMITE Categor\u00eda Masculino 8-9 a\u00f1os -33Kg: Alejandro Chac\u00f3n (1\u00ba), Ayoub El Agoudi (2\u00ba) i Karim Mart\u00ednez (3\u00ba)<\/p>\n\n\n\n<p>\u2022KUMITE Categor\u00eda Masculino 8-9 a\u00f1os +33Kg: Zaid Boukhatm (1\u00ba) i Imrane el Mazzouri (3\u00ba)<\/p>\n\n\n\n<p>\u2022KUMITE categor\u00eda femenino 10-11 &#8211; 40kg: Yousra Guermouni (2\u00aa) i Estela Bravo (3\u00aa)<\/p>\n\n\n\n<p>\u2022KUMITE categor\u00eda femenino 10-11 +40kg: Wissal Abbou (3\u00aa) i Jhan Chekaima (3\u00aa)<\/p>\n\n\n\n<p>\u2022 KUMITE Categor\u00eda 10-11 a\u00f1os -40kg: Nico Corredor (3\u00ba) i Adham Fkini (3\u00ba)<\/p>\n\n\n\n<p>\u2022 KUMITE Categor\u00eda 10-11 a\u00f1os +40kg: Xavi Mestre (1\u00ba), Omar el Aakel (2\u00ba), Ismael El Haouzi (3\u00ba) i Alex Mitu (3\u00ba).<\/p>\n\n\n\n<p>\u2022KUMITE categor\u00eda Masculino 12-13 a\u00f1os -45kg: Mosaab Anaya (1\u00ba), Ayoub Kaddouchi (2\u00ba), Yunes El Morabiti (3\u00ba) i Omar Ayad (3\u00ba)<\/p>\n\n\n\n<p>\u2022KUMITE categor\u00eda Masculino 12-13 a\u00f1os -45kg: Yassin Chehaima (1\u00ba) i Yussef El Morabiti (3\u00ba)<\/p>\n\n\n\n<p>\u2022KUMITE Categor\u00eda Femenino 12-13 a\u00f1os -45kg: Leyre Moreno (1\u00aa) i Zoe Manhenzane (2\u00aa)<\/p>\n\n\n\n<p>\u2022KUMITE Categor\u00eda Masculino 14-15 a\u00f1os -65Kg: Essam Moussaoui (1\u00ba).<\/p>\n\n\n\n<p>\u2022KUMITE Categor\u00eda Masculino 14-15 a\u00f1os +65Kg: Miguel Morcillo (1\u00ba), Cristofer Lemus (2\u00ba) i Mohamed Ayad (3\u00ba)<\/p>\n\n\n\n<p>\u2022KUMITE Categor\u00eda Femenino 14-15 a\u00f1os OPEN: Denise Prats (1\u00aa), Celia Pernas (2\u00aa), Atiya Ahmed (3\u00aa) i Laia Baea (3\u00aa)<\/p>\n\n\n\n<p>\u2022KUMITE Categor\u00eda Masculino 16-17 a\u00f1os -75Kg: Mohamed Redam (1\u00aa) i Emmanuel Banegas (3\u00ba)<\/p>\n\n\n\n<p>\u2022KUMITE Categor\u00eda Masculino 16-17 a\u00f1os +75Kg: Ram\u00f3n Celma (1\u00ba), Luis Mu\u00f1oz (2\u00ba) i Manuel Manzano (3\u00ba).<\/p>\n\n\n\n<p>\u2022KUMITE Categor\u00eda Masculino +18 a\u00f1os -70Kg: Gabriel Manzano (1\u00ba), Santiago Cuenca (2\u00aa), Faysal Boujghal (3\u00aa) i Marouan Oulghazi (3\u00aa)<\/p>\n\n\n\n<p>\u2022KUMITE Categor\u00eda Masculino +18 a\u00f1os -80Kg: Estiven Buitrago (1\u00ba), Guillermo G\u00f3mez (2\u00ba) i Ali Anaya (3\u00ba)<\/p>\n\n\n\n<p>\u2022KUMITE Categor\u00eda Femenino +18 a\u00f1os OPEN: Dunia Meznoud (3\u00aa)<\/p>\n\n\n\n<figure class=\"wp-block-image size-large\"><a href=\"https:\/\/fegrama.cat\/web\/wp-content\/uploads\/2024\/06\/IMG_6588-scaled.jpg\"><img loading=\"lazy\" decoding=\"async\" width=\"1024\" height=\"768\" src=\"https:\/\/fegrama.cat\/web\/wp-content\/uploads\/2024\/06\/IMG_6588-1024x768.jpg\" alt=\"\" class=\"wp-image-34541\" srcset=\"http:\/\/fegrama.cat\/web\/wp-content\/uploads\/2024\/06\/IMG_6588-1024x768.jpg 1024w, http:\/\/fegrama.cat\/web\/wp-content\/uploads\/2024\/06\/IMG_6588-300x225.jpg 300w, http:\/\/fegrama.cat\/web\/wp-content\/uploads\/2024\/06\/IMG_6588-768x576.jpg 768w, http:\/\/fegrama.cat\/web\/wp-content\/uploads\/2024\/06\/IMG_6588-1536x1152.jpg 1536w, http:\/\/fegrama.cat\/web\/wp-content\/uploads\/2024\/06\/IMG_6588-2048x1536.jpg 2048w\" sizes=\"auto, (max-width: 1024px) 100vw, 1024px\" \/><\/a><\/figure>\n","protected":false},"excerpt":{"rendered":"<p>\u00c9xito de participaci\u00f3n, organizaci\u00f3n y asistencia de la Copa Catalana 2024 de Karate Kyokushin, que el club organiz\u00f3 en el Pabell\u00f3n Polideportivo Nou de Santa Coloma. Durante toda la tarde del s\u00e1bado, se fueron sucediendo todo tipo de combates y exhibiciones sobre los tatamis del Pabell\u00f3n bajo la atenta mirada del p\u00fablico, que pudo comprar [&hellip;]<\/p>\n","protected":false},"author":1,"featured_media":34542,"comment_status":"closed","ping_status":"closed","sticky":false,"template":"","format":"standard","meta":{"footnotes":""},"categories":[14,15],"tags":[],"class_list":["post-34538","post","type-post","status-publish","format-standard","has-post-thumbnail","hentry","category-noticies","category-noticies-destacades"],"_links":{"self":[{"href":"http:\/\/fegrama.cat\/web\/wp-json\/wp\/v2\/posts\/34538","targetHints":{"allow":["GET"]}}],"collection":[{"href":"http:\/\/fegrama.cat\/web\/wp-json\/wp\/v2\/posts"}],"about":[{"href":"http:\/\/fegrama.cat\/web\/wp-json\/wp\/v2\/types\/post"}],"author":[{"embeddable":true,"href":"http:\/\/fegrama.cat\/web\/wp-json\/wp\/v2\/users\/1"}],"replies":[{"embeddable":true,"href":"http:\/\/fegrama.cat\/web\/wp-json\/wp\/v2\/comments?post=34538"}],"version-history":[{"count":6,"href":"http:\/\/fegrama.cat\/web\/wp-json\/wp\/v2\/posts\/34538\/revisions"}],"predecessor-version":[{"id":34555,"href":"http:\/\/fegrama.cat\/web\/wp-json\/wp\/v2\/posts\/34538\/revisions\/34555"}],"wp:featuredmedia":[{"embeddable":true,"href":"http:\/\/fegrama.cat\/web\/wp-json\/wp\/v2\/media\/34542"}],"wp:attachment":[{"href":"http:\/\/fegrama.cat\/web\/wp-json\/wp\/v2\/media?parent=34538"}],"wp:term":[{"taxonomy":"category","embeddable":true,"href":"http:\/\/fegrama.cat\/web\/wp-json\/wp\/v2\/categories?post=34538"},{"taxonomy":"post_tag","embeddable":true,"href":"http:\/\/fegrama.cat\/web\/wp-json\/wp\/v2\/tags?post=34538"}],"curies":[{"name":"wp","href":"https:\/\/api.w.org\/{rel}","templated":true}]}}