{"id":3451,"date":"2014-04-14T08:11:17","date_gmt":"2014-04-14T06:11:17","guid":{"rendered":"http:\/\/fegrama.cat\/web\/?p=3451"},"modified":"2014-04-15T10:43:28","modified_gmt":"2014-04-15T08:43:28","slug":"croniques-dels-prebenjamins-i-escoles-del-12-i-13-dabril-amb-campio-de-lliga-el-prebenjami-c-fegrama","status":"publish","type":"post","link":"http:\/\/fegrama.cat\/web\/croniques-dels-prebenjamins-i-escoles-del-12-i-13-dabril-amb-campio-de-lliga-el-prebenjami-c-fegrama\/","title":{"rendered":"Cr\u00f2niques dels Prebenjamins i Escoles del 12 i 13 d&#8217;abril amb Campi\u00f3 de Lliga el Prebenjam\u00ed C FEGrama"},"content":{"rendered":"<p style=\"text-align: justify;\"><span style=\"color: #000000;\">El Prebenjam\u00ed C FEGrama dirigit per Marcos D\u00edaz i Bruno Gonz\u00e1lez ha celebrat la consecuci\u00f3 de la Lliga aconseguida aquesta setmana de manera matem\u00e0tica aquest passat primer cap de setmana d&#8217;abril a falta d&#8217;un partit despr\u00e8s de liderar la taula amb 47 punts i guanyar a l&#8217;Arrabal-Calaf Gramenet. \u00a0L&#8217;\u00faltim partit que ha sigut diumenge 13 d&#8217;abril davant el Sant Gabriel Femenino al mateix Nou Municipal de Santa Coloma de Gramenet ha\u00a0guanyat per golejada de 9 a 0 al Sant Gabriel Femen\u00ed i amb 50 punts \u00e9s l\u00edder i campi\u00f3 de lliga a la classificaci\u00f3 a aquesta jornada 22.<\/span><\/p>\n<p style=\"text-align: justify;\"><span style=\"color: #000000;\"><a href=\"http:\/\/fegrama.cat\/web\/wp-content\/uploads\/2014\/04\/camepone.jpg\"><span style=\"color: #000000;\"><img loading=\"lazy\" decoding=\"async\" class=\"aligncenter size-full wp-image-3268\" alt=\"camepone\" src=\"http:\/\/fegrama.cat\/web\/wp-content\/uploads\/2014\/04\/camepone.jpg\" width=\"816\" height=\"612\" \/><\/span><\/a><\/span><\/p>\n<p style=\"text-align: justify;\"><span style=\"color: #000000;\"><a href=\"http:\/\/fegrama.cat\/web\/wp-content\/uploads\/2014\/04\/campeonessssssssssss.jpg\"><span style=\"color: #000000;\"><img loading=\"lazy\" decoding=\"async\" class=\"aligncenter size-full wp-image-3290\" alt=\"campeonessssssssssss\" src=\"http:\/\/fegrama.cat\/web\/wp-content\/uploads\/2014\/04\/campeonessssssssssss.jpg\" width=\"800\" height=\"600\" srcset=\"http:\/\/fegrama.cat\/web\/wp-content\/uploads\/2014\/04\/campeonessssssssssss.jpg 800w, http:\/\/fegrama.cat\/web\/wp-content\/uploads\/2014\/04\/campeonessssssssssss-300x225.jpg 300w\" sizes=\"auto, (max-width: 800px) 100vw, 800px\" \/><\/span><\/a><\/span><\/p>\n<p style=\"text-align: center;\"><span style=\"color: #000000;\"><a href=\"http:\/\/fegrama.cat\/web\/wp-content\/uploads\/2014\/04\/abril12PrebCiC.jpg\"><img loading=\"lazy\" decoding=\"async\" class=\"aligncenter  wp-image-3464\" alt=\"abril12PrebCiC\" src=\"http:\/\/fegrama.cat\/web\/wp-content\/uploads\/2014\/04\/abril12PrebCiC.jpg\" width=\"832\" height=\"518\" \/><\/a>L&#8217;Escola A FEGrama dirigit per Mart\u00edn encara t\u00e9 pendent el seu partit ajornat al camp del Bufal\u00e0 i voldr\u00e0 recuperar la tend\u00e8ncia positiva despr\u00e8s de la derrota de la setmana passada per 4-0 a casa del Badalona, segon a la classificaci\u00f3.\u00a0<\/span><\/p>\n<p style=\"text-align: center;\"><span style=\"color: #000000;\">A la Jornada 29 07\/06\/2014 jugaran\u00a0LA SALUD PEREGOL \u00abA\u00bb -F. ESPORTIVA GRAMA \u00abA\u00bb<\/span><\/p>\n<p style=\"text-align: center;\">A la Jornada 30 14\/06\/2014 disputaran\u00a0F. ESPORTIVA GRAMA \u00abA\u00bb 3 -SINGUERLIN C.F. \u00abA\u00bb 4<\/p>\n<p>cadeca pone fecha para el dia 1 de mayo jueves se adelante una de las jornadas el resto que los equipos se pongan deacuerdo para poder celebrarse ya que si no se juega no se podran hacer antes<\/p>\n<p>todos estos partidos son de la jornada n\u00ba 29 y 30 se tienen que jugar antes de la fecha porque todos los cubes tienen sus torneos y cadeca el dia 14 hace entrega de todos los trofeos y medallas de la temporada 2013-2014 en el campo de la salud peregol<\/p>\n<p><a href=\"http:\/\/fegrama.cat\/web\/wp-content\/uploads\/2014\/04\/abril12Escuela_A.jpg\"><img loading=\"lazy\" decoding=\"async\" class=\"aligncenter size-full wp-image-3495\" alt=\"abril12Escuela_A\" src=\"http:\/\/fegrama.cat\/web\/wp-content\/uploads\/2014\/04\/abril12Escuela_A.jpg\" width=\"930\" height=\"573\" \/><\/a><\/p>\n<p style=\"text-align: justify;\"><span style=\"color: #000000;\">Els de la Fundaci\u00f3 Esportiva Grama s\u00f3n cinqu\u00e8 amb 41 punts i aniran a medir-se en un amist\u00f2s al Municipal Andrade de Sant Mart\u00ed el divendres 11 d&#8217;abril des de les 18:30 hores.<\/span><\/p>\n<p style=\"text-align: justify;\"><span style=\"color: #000000;\">L&#8217;Escola B FEGrama dirigit per Juan Cervantes voldr\u00e0 sumar davant el Trajana el diumenge 13 d&#8217;abril des de les 10 hores al propi Nou Camp Municipal de Santa Coloma de Gramenet.<\/span><\/p>\n<p style=\"text-align: justify;\"><span style=\"color: #000000;\">\u00c9s a la tercera posici\u00f3 a la classificaci\u00f3 amb 35 punts.<\/span><\/p>\n<p style=\"text-align: justify;\"><a href=\"http:\/\/fegrama.cat\/web\/wp-content\/uploads\/2014\/04\/ESCOLA_presentacio_2013_FUNDACIOGRAMA0462.jpg\"><img loading=\"lazy\" decoding=\"async\" class=\"aligncenter size-full wp-image-3453\" alt=\"ESCOLA_presentacio_2013_FUNDACIOGRAMA046\" src=\"http:\/\/fegrama.cat\/web\/wp-content\/uploads\/2014\/04\/ESCOLA_presentacio_2013_FUNDACIOGRAMA0462.jpg\" width=\"640\" height=\"480\" \/><\/a><\/p>\n<p style=\"text-align: justify;\"><span style=\"color: #000000;\">El Prebenjam\u00ed B FEGrama dirigit per Tom\u00e1s Gonz\u00e1lez \u00e9s tercer amb 43 punts i nom\u00e8s a vuit punts dels l\u00edders el campi\u00f3 de lliga el Prebenjam\u00ed C FEGrama, d&#8217;aquesta jornada 22 de Cadeca despr\u00e8s de guanyar a la Penya Barcelonista Cinc Copes per 5 a 0 el dissabte 12 d&#8217;abril des de les 11 hores del mat\u00ed al mateix Nou Camp Municipal de Santa Coloma de Gramenet.<\/span><\/p>\n<p style=\"text-align: justify;\"><span style=\"color: #000000;\"><strong>Visca l&#8217;Esperit Grama!!!<\/strong><\/span><\/p>\n","protected":false},"excerpt":{"rendered":"<p>El Prebenjam\u00ed C FEGrama dirigit per Marcos D\u00edaz i Bruno Gonz\u00e1lez ha celebrat la consecuci\u00f3 de la Lliga aconseguida aquesta setmana de manera matem\u00e0tica aquest passat primer cap de setmana d&#8217;abril a falta d&#8217;un partit despr\u00e8s de liderar la taula amb 47 punts i guanyar a l&#8217;Arrabal-Calaf Gramenet. \u00a0L&#8217;\u00faltim partit que ha sigut diumenge 13 [&hellip;]<\/p>\n","protected":false},"author":1,"featured_media":0,"comment_status":"closed","ping_status":"closed","sticky":false,"template":"","format":"standard","meta":{"footnotes":""},"categories":[4,33,12],"tags":[],"class_list":["post-3451","post","type-post","status-publish","format-standard","hentry","category-base-inclusiu","category-escola-diari-feg","category-prebenjamins"],"_links":{"self":[{"href":"http:\/\/fegrama.cat\/web\/wp-json\/wp\/v2\/posts\/3451","targetHints":{"allow":["GET"]}}],"collection":[{"href":"http:\/\/fegrama.cat\/web\/wp-json\/wp\/v2\/posts"}],"about":[{"href":"http:\/\/fegrama.cat\/web\/wp-json\/wp\/v2\/types\/post"}],"author":[{"embeddable":true,"href":"http:\/\/fegrama.cat\/web\/wp-json\/wp\/v2\/users\/1"}],"replies":[{"embeddable":true,"href":"http:\/\/fegrama.cat\/web\/wp-json\/wp\/v2\/comments?post=3451"}],"version-history":[{"count":5,"href":"http:\/\/fegrama.cat\/web\/wp-json\/wp\/v2\/posts\/3451\/revisions"}],"predecessor-version":[{"id":3496,"href":"http:\/\/fegrama.cat\/web\/wp-json\/wp\/v2\/posts\/3451\/revisions\/3496"}],"wp:attachment":[{"href":"http:\/\/fegrama.cat\/web\/wp-json\/wp\/v2\/media?parent=3451"}],"wp:term":[{"taxonomy":"category","embeddable":true,"href":"http:\/\/fegrama.cat\/web\/wp-json\/wp\/v2\/categories?post=3451"},{"taxonomy":"post_tag","embeddable":true,"href":"http:\/\/fegrama.cat\/web\/wp-json\/wp\/v2\/tags?post=3451"}],"curies":[{"name":"wp","href":"https:\/\/api.w.org\/{rel}","templated":true}]}}