{"id":344,"date":"2013-12-10T10:56:00","date_gmt":"2013-12-10T10:56:00","guid":{"rendered":"http:\/\/fegrama.cat\/web\/?p=344"},"modified":"2013-12-10T11:02:46","modified_gmt":"2013-12-10T11:02:46","slug":"el-juvenil-a-de-la-feg-rep-al-lider-leuropa-al-nou-municipal-dissabte-a-les-1830-hores","status":"publish","type":"post","link":"http:\/\/fegrama.cat\/web\/el-juvenil-a-de-la-feg-rep-al-lider-leuropa-al-nou-municipal-dissabte-a-les-1830-hores\/","title":{"rendered":"El Juvenil A de la FEG rep al l\u00edder, l&#8217;Europa, al Nou Municipal dissabte a les 18:30 hores"},"content":{"rendered":"<p style=\"text-align: justify;\"><span style=\"color: #000000;\">-Despr\u00e8s de l&#8217;important triomf a <strong>Badalona<\/strong>, els jugadors de <strong>Toni Rovira i Ismael Poveda<\/strong> voldran mantenir i pujar del cinqu\u00e8 lloc que ostenten amb 19 punts.<\/span><\/p>\n<p style=\"text-align: justify;\"><span style=\"color: #000000;\">\u00c9s per aix\u00f2 que el <strong>Juvenil A de la FEG<\/strong> tindr\u00e0 a la jornada 12 l&#8217;oportunitat contra el propi l\u00edder de la categoria, l&#8217; <strong>Europa,<\/strong> al <strong>Nou Municipal de Santa Coloma<\/strong>. Ser\u00e0 el 14 de desembre des de les 18:30 hores.<\/span><\/p>\n<figure id=\"attachment_345\" aria-describedby=\"caption-attachment-345\" style=\"width: 640px\" class=\"wp-caption alignleft\"><a href=\"http:\/\/fegrama.cat\/web\/wp-content\/uploads\/2013\/12\/JuvenilB_FundacioGrama-Bufala0041.jpg\"><img loading=\"lazy\" decoding=\"async\" class=\"size-full wp-image-345\" alt=\"JuvenilB_FundacioGrama \" src=\"http:\/\/fegrama.cat\/web\/wp-content\/uploads\/2013\/12\/JuvenilB_FundacioGrama-Bufala0041.jpg\" width=\"640\" height=\"480\" \/><\/a><figcaption id=\"caption-attachment-345\" class=\"wp-caption-text\">JuvenilB_FundacioGrama<\/figcaption><\/figure>\n<p style=\"text-align: justify;\"><span style=\"color: #000000;\">&#8211; El <strong>Juvenil B de la FEG<\/strong> segueix al capdamunt de la taula del Grup 14 de Segona Divisi\u00f3 despr\u00e9s de la vict\u00f2ria a domicili davant <strong>Salesians Bosco &#8211; Horta<\/strong> per 0-3 .<\/span><\/p>\n<p style=\"text-align: justify;\"><span style=\"color: #000000;\">Els jugadors entrenats per <strong>Javi Murillo<\/strong> voldran a la jornada 10 continuar la bona marxa de l&#8217;equip contra el <strong>Diagonal Club Esportiu<\/strong> al <strong>Nou Municipal de Santa Coloma<\/strong> el dia 14 de desembre des de les 14:15 hores.<\/span><\/p>\n<p style=\"text-align: justify;\"><span style=\"color: #000000;\">-Despu\u00e9s del importante triunfo en <strong>Badalona<\/strong>, los jugadores de <strong>Toni Rovira y Ismael Poveda<\/strong> querr\u00e1n mantener y subir del quinto puesto que ostentan con 19 puntos.<\/span><\/p>\n<p style=\"text-align: justify;\"><span style=\"color: #000000;\">Es por ello que el Juvenil A de la FEG tendr\u00e1 en la jornada 12 l&#8217;oportunitat contra el l\u00edder, el Europa, en el Nou Municipal de Santa Coloma. Ser\u00e1 el 14 de diciembre desde las 18:30\u00a0horas.<\/span><\/p>\n<p style=\"text-align: justify;\"><span style=\"color: #000000;\">&#8211; El <strong>Juvenil B de la FEG<\/strong> sigue en lo alto de la tabla del Grupo 14 de Segunda Divisi\u00f3n tras la victoria a domicilio ante <strong>Salesianos Bosco<\/strong> &#8211; <strong>Horta<\/strong> por 0-3.<\/span><br \/>\n<span style=\"color: #000000;\">Los jugadores entrenados por Javi Murillo querr\u00e1n a la jornada 10 continuar la buena marcha del equipo contra el <strong>Diagonal Club Deportiu<\/strong> en el Nou Municipal de Santa Coloma el d\u00eda 14 de diciembre desde las 14:15\u00a0horas.<\/span><\/p>\n","protected":false},"excerpt":{"rendered":"<p>-Despr\u00e8s de l&#8217;important triomf a Badalona, els jugadors de Toni Rovira i Ismael Poveda voldran mantenir i pujar del cinqu\u00e8 lloc que ostenten amb 19 punts. \u00c9s per aix\u00f2 que el Juvenil A de la FEG tindr\u00e0 a la jornada 12 l&#8217;oportunitat contra el propi l\u00edder de la categoria, l&#8217; Europa, al Nou Municipal de [&hellip;]<\/p>\n","protected":false},"author":1,"featured_media":0,"comment_status":"closed","ping_status":"closed","sticky":false,"template":"","format":"standard","meta":{"footnotes":""},"categories":[4,6],"tags":[],"class_list":["post-344","post","type-post","status-publish","format-standard","hentry","category-base-inclusiu","category-juvenils"],"_links":{"self":[{"href":"http:\/\/fegrama.cat\/web\/wp-json\/wp\/v2\/posts\/344","targetHints":{"allow":["GET"]}}],"collection":[{"href":"http:\/\/fegrama.cat\/web\/wp-json\/wp\/v2\/posts"}],"about":[{"href":"http:\/\/fegrama.cat\/web\/wp-json\/wp\/v2\/types\/post"}],"author":[{"embeddable":true,"href":"http:\/\/fegrama.cat\/web\/wp-json\/wp\/v2\/users\/1"}],"replies":[{"embeddable":true,"href":"http:\/\/fegrama.cat\/web\/wp-json\/wp\/v2\/comments?post=344"}],"version-history":[{"count":4,"href":"http:\/\/fegrama.cat\/web\/wp-json\/wp\/v2\/posts\/344\/revisions"}],"predecessor-version":[{"id":347,"href":"http:\/\/fegrama.cat\/web\/wp-json\/wp\/v2\/posts\/344\/revisions\/347"}],"wp:attachment":[{"href":"http:\/\/fegrama.cat\/web\/wp-json\/wp\/v2\/media?parent=344"}],"wp:term":[{"taxonomy":"category","embeddable":true,"href":"http:\/\/fegrama.cat\/web\/wp-json\/wp\/v2\/categories?post=344"},{"taxonomy":"post_tag","embeddable":true,"href":"http:\/\/fegrama.cat\/web\/wp-json\/wp\/v2\/tags?post=344"}],"curies":[{"name":"wp","href":"https:\/\/api.w.org\/{rel}","templated":true}]}}