{"id":341,"date":"2013-12-10T10:49:18","date_gmt":"2013-12-10T10:49:18","guid":{"rendered":"http:\/\/fegrama.cat\/web\/?p=341"},"modified":"2013-12-10T10:49:56","modified_gmt":"2013-12-10T10:49:56","slug":"el-quarta-catalana-es-medeix-a-un-rival-directe-com-lescola-barbera-diumenge-1745h","status":"publish","type":"post","link":"http:\/\/fegrama.cat\/web\/el-quarta-catalana-es-medeix-a-un-rival-directe-com-lescola-barbera-diumenge-1745h\/","title":{"rendered":"El Quarta Catalana es medeix a un rival directe com l&#8217;Escola Barber\u00e0, diumenge 17:45h"},"content":{"rendered":"<p style=\"text-align: justify;\"><span style=\"color: #000000;\">-El primer equip de la FEG, el <strong>Quarta Catalana<\/strong>, si treu un bon resultat podr\u00e0 pujar de la meitat de la taula, en la actual novena posici\u00f3, en aquesta pr\u00f2xima jornada 12.<\/span><\/p>\n<p style=\"text-align: justify;\"><span style=\"color: #000000;\">Per aix\u00f2 es tindr\u00e0 que enfrontar amb tot al seu immediat perseguidor a la classificaci\u00f3, el <strong>Escola Barber\u00e0<\/strong> el proper 15 de desembre des de les 17:45 hores al <strong>Nou Municipal de Santa Coloma<\/strong>.<\/span><\/p>\n<p style=\"text-align: justify;\"><span style=\"color: #000000;\">-El primer equipo de la FEG, el Cuarta Catalana, si saca un buen resultado podr\u00e1 ascender de la mitad de la tabla, en la actual novena posici\u00f3n, en esta jornada 12.<\/span><\/p>\n<p style=\"text-align: justify;\"><span style=\"color: #000000;\">Por ello se tendr\u00e1 que enfrentar con todo a su inmediato perseguidor en la clasificaci\u00f3n, el <strong>Escola Barber\u00e0\u00a0<\/strong>el pr\u00f3ximo 15 de diciembre desde las 17:45 horas en el Nou Municipal de Santa Coloma.<\/span><\/p>\n","protected":false},"excerpt":{"rendered":"<p>-El primer equip de la FEG, el Quarta Catalana, si treu un bon resultat podr\u00e0 pujar de la meitat de la taula, en la actual novena posici\u00f3, en aquesta pr\u00f2xima jornada 12. Per aix\u00f2 es tindr\u00e0 que enfrontar amb tot al seu immediat perseguidor a la classificaci\u00f3, el Escola Barber\u00e0 el proper 15 de desembre [&hellip;]<\/p>\n","protected":false},"author":1,"featured_media":0,"comment_status":"closed","ping_status":"closed","sticky":false,"template":"","format":"standard","meta":{"footnotes":""},"categories":[4,5],"tags":[55,36,21],"class_list":["post-341","post","type-post","status-publish","format-standard","hentry","category-base-inclusiu","category-primer-equip","tag-nou-municipal-de-santa-coloma","tag-quarta-catalana","tag-santa-coloma"],"_links":{"self":[{"href":"http:\/\/fegrama.cat\/web\/wp-json\/wp\/v2\/posts\/341","targetHints":{"allow":["GET"]}}],"collection":[{"href":"http:\/\/fegrama.cat\/web\/wp-json\/wp\/v2\/posts"}],"about":[{"href":"http:\/\/fegrama.cat\/web\/wp-json\/wp\/v2\/types\/post"}],"author":[{"embeddable":true,"href":"http:\/\/fegrama.cat\/web\/wp-json\/wp\/v2\/users\/1"}],"replies":[{"embeddable":true,"href":"http:\/\/fegrama.cat\/web\/wp-json\/wp\/v2\/comments?post=341"}],"version-history":[{"count":2,"href":"http:\/\/fegrama.cat\/web\/wp-json\/wp\/v2\/posts\/341\/revisions"}],"predecessor-version":[{"id":343,"href":"http:\/\/fegrama.cat\/web\/wp-json\/wp\/v2\/posts\/341\/revisions\/343"}],"wp:attachment":[{"href":"http:\/\/fegrama.cat\/web\/wp-json\/wp\/v2\/media?parent=341"}],"wp:term":[{"taxonomy":"category","embeddable":true,"href":"http:\/\/fegrama.cat\/web\/wp-json\/wp\/v2\/categories?post=341"},{"taxonomy":"post_tag","embeddable":true,"href":"http:\/\/fegrama.cat\/web\/wp-json\/wp\/v2\/tags?post=341"}],"curies":[{"name":"wp","href":"https:\/\/api.w.org\/{rel}","templated":true}]}}