{"id":3395,"date":"2014-04-14T08:51:24","date_gmt":"2014-04-14T06:51:24","guid":{"rendered":"http:\/\/fegrama.cat\/web\/?p=3395"},"modified":"2014-04-13T21:35:41","modified_gmt":"2014-04-13T19:35:41","slug":"el-lider-benjami-b-de-la-fegrama-ha-golejat-a-la-trinidad-per-12-3","status":"publish","type":"post","link":"http:\/\/fegrama.cat\/web\/el-lider-benjami-b-de-la-fegrama-ha-golejat-a-la-trinidad-per-12-3\/","title":{"rendered":"El l\u00edder Benjam\u00ed B de la FEGrama ha golejat a la Trinidad per 12-3"},"content":{"rendered":"<p style=\"text-align: justify;\"><span style=\"color: #000000;\">Els jugadors del Benjam\u00ed B FEGrama han tornat a realitzar un partit rod\u00f3 i han golejat 12-3 a la Trinidad.<\/span><\/p>\n<p style=\"text-align: justify;\"><span style=\"color: #000000;\">Semblant resultat com el de la setmana passada de la golejada de la jornada 23 a casa del Vila Ol\u00edmpica per 2-12 ols jugadors del conjunt de la Fundaci\u00f3 Grama dirigits per Luis Heredia van agafar amb for\u00e7a el liderat del grup 5 ara amb 64 punts encara que perseguits de molt a prop per el Trajana a dos punts.<\/span><\/p>\n<p style=\"text-align: justify;\"><span style=\"color: #000000;\">Els gols varen ser protagonitzats per H\u00e9ctor Garc\u00eda amb un hattrick consecutiu que deixava un parcial de 3-0. Javier Taragaza feia el 4-1 i Ian Benhamon marcaria dos seguits fins el 6 a 1.<\/span><\/p>\n<p style=\"text-align: justify;\"><span style=\"color: #000000;\">El 7-1 estaria a c\u00e0rrec d&#8217;H\u00e9ctor, el seu p\u00f3ker particular i el que seria el triplet particular de Ian seria el 8-1. \u00c9ric L\u00f3riz faria el 9-2. Adri\u00e1n Hern\u00e1ndez el 10-2, el sis\u00e8 d&#8217;H\u00e9ctor que era el 11-2 i el definitiu resultat de 12-2 marcat per Iker Mu\u00f1oz.<\/span><\/p>\n<p style=\"text-align: justify;\"><span style=\"color: #000000;\">El conjunt de la Fundaci\u00f3 Grama voldr\u00e0 seguir sumant per continuar liderant a la jornada 25 d&#8217;aquest grup 5 i anir\u00e0 al Municipal del Guinard\u00f3 davant del Martinenc, quinz\u00e8 amb 9 punts, el diumenge 27 d&#8217;abril a les 08:30 hores.<\/span><\/p>\n<p style=\"text-align: justify;\"><span style=\"color: #000000;\">\u00a0<a href=\"http:\/\/fegrama.cat\/web\/wp-content\/uploads\/2014\/04\/Infantil_C_presentacio_2013_FUNDACIOGRAMA0382.jpg\"><img loading=\"lazy\" decoding=\"async\" class=\"aligncenter size-full wp-image-3434\" alt=\"Infantil_C_presentacio_2013_FUNDACIOGRAMA038\" src=\"http:\/\/fegrama.cat\/web\/wp-content\/uploads\/2014\/04\/Infantil_C_presentacio_2013_FUNDACIOGRAMA0382.jpg\" width=\"640\" height=\"480\" \/><\/a> <a href=\"http:\/\/fegrama.cat\/web\/wp-content\/uploads\/2014\/04\/Benjami_B_presentacio_2013_FUNDACIOGRAMA0453.jpg\"><img loading=\"lazy\" decoding=\"async\" class=\"aligncenter size-full wp-image-3437\" alt=\"Benjami_B_presentacio_2013_FUNDACIOGRAMA045\" src=\"http:\/\/fegrama.cat\/web\/wp-content\/uploads\/2014\/04\/Benjami_B_presentacio_2013_FUNDACIOGRAMA0453.jpg\" width=\"640\" height=\"480\" \/><\/a><\/span><\/p>\n<p style=\"text-align: justify;\"><span style=\"color: #000000;\">[divider]<\/span><\/p>\n<p style=\"text-align: justify;\"><span style=\"color: #000000;\">[button color=\u00bbblue\u00bb size=\u00bbsmall\u00bb link=\u00bbhttp:\/\/www.fcf.cat\/pnfg\/NFG_CmpJornada?cod_primaria=1000120&amp;CodCompeticion=18473318&amp;CodGrupo=18680779&amp;CodTemporada=9&amp;CodJornada=10&#8243; target=\u00bbblank\u00bb ]Resultats[\/button]<\/span><\/p>\n<p style=\"text-align: justify;\"><span style=\"color: #000000;\">[button color=\u00bbblue\u00bb size=\u00bbsmall\u00bb link=\u00bbhttp:\/\/www.fcf.cat\/pnfg\/NPcd\/NFG_VisClasificacion?cod_primaria=1000120&amp;codgrupo=18680779&amp;codcompeticion=18473318&#8243; target=\u00bbblank\u00bb ]Classificaci\u00f3[\/button]<\/span><\/p>\n<p style=\"text-align: justify;\"><span style=\"color: #000000;\">Los jugadores del Benjam\u00edn B FEGrama\u00a0han vuelto a realizar un partido redondo y han goleado 12-3 a Trinidad .<\/span><\/p>\n<p style=\"text-align: justify;\"><span style=\"color: #000000;\">Semejante resultado como el de la semana pasada de la goleada de la jornada 23 en casa del Vila Ol\u00edmpica por 2-12 oles jugadores del conjunto de la Fundaci\u00f3n Grama dirigidos por Luis Heredia cogieron con fuerza el liderato del grupo 5 ahora con 64 puntos todav\u00eda que perseguidos muy de cerca por el Trajana a dos puntos .<\/span><\/p>\n<p style=\"text-align: justify;\"><span style=\"color: #000000;\">Los goles fueron protagonizados por H\u00e9ctor Garc\u00eda con un hattrick consecutivo que dejaba un parcial de 3-0 . Javier Taragaza hac\u00eda el 4-1 y Ian Benhamon marcar\u00eda dos seguidos hasta el 6 a 1.<\/span><\/p>\n<p style=\"text-align: justify;\"><span style=\"color: #000000;\">El 7-1 estar\u00eda a cargo de H\u00e9ctor , su p\u00f3ker particular y lo que ser\u00eda el triplete particular de Ian ser\u00eda el 8-1 . \u00c9ric L\u00f3riz har\u00eda el 9-2 . Adri\u00e1n Hern\u00e1ndez el 10-2 , el sexto de H\u00e9ctor que era el 11-2 y el definitivo resultado de 12-2 marcado por Iker Mu\u00f1oz .<\/span><\/p>\n<p style=\"text-align: justify;\"><span style=\"color: #000000;\">El conjunto de la Fundaci\u00f3n Grama querr\u00e1 seguir sumando para continuar liderando la jornada 25 de este grupo 5 e ir\u00e1 al Municipal del Guinard\u00f3 ante el Martinenc , decimoquinto con 9 puntos , el domingo 27 de abril a las 08:30 horas .<\/span><\/p>\n<p style=\"text-align: justify;\"><span style=\"color: #000000;\"><strong>Visca l&#8217;Esperit Grama!!!<\/strong><\/span><\/p>\n","protected":false},"excerpt":{"rendered":"<p>Els jugadors del Benjam\u00ed B FEGrama han tornat a realitzar un partit rod\u00f3 i han golejat 12-3 a la Trinidad. Semblant resultat com el de la setmana passada de la golejada de la jornada 23 a casa del Vila Ol\u00edmpica per 2-12 ols jugadors del conjunt de la Fundaci\u00f3 Grama dirigits per Luis Heredia van [&hellip;]<\/p>\n","protected":false},"author":1,"featured_media":0,"comment_status":"closed","ping_status":"closed","sticky":false,"template":"","format":"standard","meta":{"footnotes":""},"categories":[4,11],"tags":[],"class_list":["post-3395","post","type-post","status-publish","format-standard","hentry","category-base-inclusiu","category-benjamins"],"_links":{"self":[{"href":"http:\/\/fegrama.cat\/web\/wp-json\/wp\/v2\/posts\/3395","targetHints":{"allow":["GET"]}}],"collection":[{"href":"http:\/\/fegrama.cat\/web\/wp-json\/wp\/v2\/posts"}],"about":[{"href":"http:\/\/fegrama.cat\/web\/wp-json\/wp\/v2\/types\/post"}],"author":[{"embeddable":true,"href":"http:\/\/fegrama.cat\/web\/wp-json\/wp\/v2\/users\/1"}],"replies":[{"embeddable":true,"href":"http:\/\/fegrama.cat\/web\/wp-json\/wp\/v2\/comments?post=3395"}],"version-history":[{"count":3,"href":"http:\/\/fegrama.cat\/web\/wp-json\/wp\/v2\/posts\/3395\/revisions"}],"predecessor-version":[{"id":3438,"href":"http:\/\/fegrama.cat\/web\/wp-json\/wp\/v2\/posts\/3395\/revisions\/3438"}],"wp:attachment":[{"href":"http:\/\/fegrama.cat\/web\/wp-json\/wp\/v2\/media?parent=3395"}],"wp:term":[{"taxonomy":"category","embeddable":true,"href":"http:\/\/fegrama.cat\/web\/wp-json\/wp\/v2\/categories?post=3395"},{"taxonomy":"post_tag","embeddable":true,"href":"http:\/\/fegrama.cat\/web\/wp-json\/wp\/v2\/tags?post=3395"}],"curies":[{"name":"wp","href":"https:\/\/api.w.org\/{rel}","templated":true}]}}