{"id":3392,"date":"2014-04-11T08:49:01","date_gmt":"2014-04-11T06:49:01","guid":{"rendered":"http:\/\/fegrama.cat\/web\/?p=3392"},"modified":"2014-04-10T20:51:18","modified_gmt":"2014-04-10T18:51:18","slug":"el-lider-benjami-a-de-la-fegrama-anira-dissabte-al-municipal-andrade-de-sant-marti-condal-segon","status":"publish","type":"post","link":"http:\/\/fegrama.cat\/web\/el-lider-benjami-a-de-la-fegrama-anira-dissabte-al-municipal-andrade-de-sant-marti-condal-segon\/","title":{"rendered":"El l\u00edder Benjam\u00ed A de la FEGrama anir\u00e0 dissabte al Municipal Andrade de Sant Mart\u00ed-Condal, segon"},"content":{"rendered":"<p style=\"text-align: justify;\"><span style=\"color: #000000;\">El l\u00edder del grup 4 el Benjam\u00ed A de la FEGrama voldr\u00e0 repetir la gesta de la golejada a la Monta\u00f1esa de 8-1 de la setmana passada on els entrenats per Eloy Vilaplana s\u00f3n l\u00edders i van sumant 22 vict\u00f2ries i cap derrota en 22 jornades i amb els 67 punts s\u00f3n 7 de difer\u00e8ncia enfront l&#8217;immediat perseguidor, el Sant Mart\u00ed-Condal que tamb\u00e9 ha golejat a casa de la Trinidad, 1-9.<\/span><\/p>\n<p style=\"text-align: justify;\"><span style=\"color: #000000;\">A la jornada 24, el conjunt de la Fundaci\u00f3 Grama anir\u00e0 al Municipal Andrade de Sant Mart\u00ed-Condal, segon classificat amb 60 punts, el dissabte 12 d&#8217;abril a les 12:45 hores.<\/span><\/p>\n<p style=\"text-align: justify;\"><span style=\"color: #000000;\">[divider]<\/span><\/p>\n<p style=\"text-align: justify;\"><span style=\"color: #000000;\">[button color=\u00bbblue\u00bb size=\u00bbsmall\u00bb link=\u00bbhttp:\/\/www.fcf.cat\/pnfg\/NFG_CmpJornada?cod_primaria=1000120&amp;CodCompeticion=18473318&amp;CodGrupo=18680738&amp;CodTemporada=9&amp;CodJornada=10&#8243; target=\u00bbblank\u00bb ]Resultats[\/button]<\/span><\/p>\n<p style=\"text-align: justify;\"><span style=\"color: #000000;\">[button color=\u00bbblue\u00bb size=\u00bbsmall\u00bb link=\u00bbhttp:\/\/www.fcf.cat\/pnfg\/NPcd\/NFG_VisClasificacion?cod_primaria=1000120&amp;codgrupo=18680738&amp;codcompeticion=18473318&#8243; ]Classificaci\u00f3[\/button]<\/span><\/p>\n<p style=\"text-align: justify;\"><span style=\"color: #000000;\">El l\u00edder del grupo 4 el Benjam\u00edn A de la FEGrama querr\u00e1 repetir la haza\u00f1a de la goleada a la Monta\u00f1esa de 8-1 de la semana pasada donde los entrenados por Eloy Vilaplana son l\u00edderes y sumando 22 victorias y ninguna derrota en 22 jornadas y con los 67 puntos son 7 de diferencia frente al inmediato perseguidor, el iris-Condal que tambi\u00e9n ha goleado en casa de la Trinidad, 1-9. <\/span><br \/>\n<span style=\"color: #000000;\">En la jornada 24, el conjunto de la Fundaci\u00f3n Grama ir\u00e1 al Municipal Andrade iris-Condal, segundo clasificado con 60 puntos, el s\u00e1bado 12 de abril a las 12:45 horas.<\/span><\/p>\n<p style=\"text-align: justify;\"><span style=\"color: #000000;\"><strong>Visca l&#8217;Esperit Grama!!!<\/strong><\/span><\/p>\n","protected":false},"excerpt":{"rendered":"<p>El l\u00edder del grup 4 el Benjam\u00ed A de la FEGrama voldr\u00e0 repetir la gesta de la golejada a la Monta\u00f1esa de 8-1 de la setmana passada on els entrenats per Eloy Vilaplana s\u00f3n l\u00edders i van sumant 22 vict\u00f2ries i cap derrota en 22 jornades i amb els 67 punts s\u00f3n 7 de difer\u00e8ncia [&hellip;]<\/p>\n","protected":false},"author":1,"featured_media":0,"comment_status":"closed","ping_status":"closed","sticky":false,"template":"","format":"standard","meta":{"footnotes":""},"categories":[4,11],"tags":[],"class_list":["post-3392","post","type-post","status-publish","format-standard","hentry","category-base-inclusiu","category-benjamins"],"_links":{"self":[{"href":"http:\/\/fegrama.cat\/web\/wp-json\/wp\/v2\/posts\/3392","targetHints":{"allow":["GET"]}}],"collection":[{"href":"http:\/\/fegrama.cat\/web\/wp-json\/wp\/v2\/posts"}],"about":[{"href":"http:\/\/fegrama.cat\/web\/wp-json\/wp\/v2\/types\/post"}],"author":[{"embeddable":true,"href":"http:\/\/fegrama.cat\/web\/wp-json\/wp\/v2\/users\/1"}],"replies":[{"embeddable":true,"href":"http:\/\/fegrama.cat\/web\/wp-json\/wp\/v2\/comments?post=3392"}],"version-history":[{"count":1,"href":"http:\/\/fegrama.cat\/web\/wp-json\/wp\/v2\/posts\/3392\/revisions"}],"predecessor-version":[{"id":3394,"href":"http:\/\/fegrama.cat\/web\/wp-json\/wp\/v2\/posts\/3392\/revisions\/3394"}],"wp:attachment":[{"href":"http:\/\/fegrama.cat\/web\/wp-json\/wp\/v2\/media?parent=3392"}],"wp:term":[{"taxonomy":"category","embeddable":true,"href":"http:\/\/fegrama.cat\/web\/wp-json\/wp\/v2\/categories?post=3392"},{"taxonomy":"post_tag","embeddable":true,"href":"http:\/\/fegrama.cat\/web\/wp-json\/wp\/v2\/tags?post=3392"}],"curies":[{"name":"wp","href":"https:\/\/api.w.org\/{rel}","templated":true}]}}