{"id":3385,"date":"2014-04-11T08:44:26","date_gmt":"2014-04-11T06:44:26","guid":{"rendered":"http:\/\/fegrama.cat\/web\/?p=3385"},"modified":"2014-04-10T20:46:55","modified_gmt":"2014-04-10T18:46:55","slug":"el-lider-prebenjami-a-fegrama-es-desplacara-dissabte-al-municipal-del-carmelo-ultim","status":"publish","type":"post","link":"http:\/\/fegrama.cat\/web\/el-lider-prebenjami-a-fegrama-es-desplacara-dissabte-al-municipal-del-carmelo-ultim\/","title":{"rendered":"El l\u00edder Prebenjam\u00ed A FEGrama es despla\u00e7ar\u00e0 dissabte al Municipal del Carmelo, \u00faltim"},"content":{"rendered":"<p style=\"text-align: justify;\"><span style=\"color: #000000;\">El Prebenjam\u00ed A FEGrama seguir\u00e0 una setmana m\u00e9s a la part m\u00e9s alta de la taula d&#8217;aquest grup 19 despr\u00e8s de la vict\u00f2ria a la setmana passada davant La Florida per un ajustat 5 a 4.<\/span><\/p>\n<p style=\"text-align: justify;\"><span style=\"color: #000000;\">Els joves jugadors dirigits per Jonathan Serrat, entrenador del Prebenjam\u00ed A FEGrama, van aconseguir aix\u00ed la vict\u00f2ria vint de vint-i-un partits, encap\u00e7alant el grup 19 amb dos punts sobre l&#8217;immediat perseguidor, l&#8217;Hospitalense.<\/span><\/p>\n<p style=\"text-align: justify;\"><span style=\"color: #000000;\">A la jornada 24, el conjunt de la FEG anir\u00e0 al Municipal del Carmelo, \u00faltim classificat amb zero punts, al Nou Municipal de Santa Coloma, el dissabte 12 d&#8217;abril des de les 10:00 hores.<\/span><\/p>\n<p style=\"text-align: justify;\"><span style=\"color: #000000;\">[divider]<\/span><\/p>\n<p style=\"text-align: justify;\"><span style=\"color: #000000;\">[button color=\u00bbblue\u00bb size=\u00bbsmall\u00bb link=\u00bbhttp:\/\/www.fcf.cat\/pnfg\/NPcd\/NFG_VisClasificacion?cod_primaria=1000120&amp;codgrupo=18700796&amp;codcompeticion=18473321&#8243; target=\u00bbblank\u00bb ]Resultats[\/button]<\/span><\/p>\n<p style=\"text-align: justify;\"><span style=\"color: #000000;\">[button color=\u00bbblue\u00bb size=\u00bbsmall\u00bb link=\u00bbhttp:\/\/www.fcf.cat\/pnfg\/NFG_CmpJornada?cod_primaria=1000120&amp;CodCompeticion=18473321&amp;CodGrupo=18700796&amp;CodTemporada=9&amp;CodJornada=10&#8243; target=\u00bbblank\u00bb ]Classificaci\u00f3[\/button]<\/span><\/p>\n<p style=\"text-align: justify;\"><span style=\"color: #000000;\">El Prebenjam\u00edn A FEGRAM seguir\u00e1 una semana m\u00e1s en la parte m\u00e1s alta de la tabla de este grupo 19 despu\u00e9s de la victoria en la semana pasada ante La Florida por un ajustado 5 a 4.<\/span><\/p>\n<p style=\"text-align: justify;\"><span style=\"color: #000000;\">Los j\u00f3venes jugadores dirigidos por Jonathan Serrat, entrenador del Prebenjam\u00edn A FEGRAM, lograron as\u00ed la victoria veinte de veintid\u00f3s un partidos, encabezando el grupo 19 con dos puntos sobre el inmediato perseguidor, el Hospitalense.<\/span><\/p>\n<p style=\"text-align: justify;\"><span style=\"color: #000000;\">En la jornada 24, el conjunto de la FEG ir\u00e1 al Municipal del Carmelo, \u00faltimo clasificado con cero puntos, en el Nou Municipal de Santa Coloma, el s\u00e1bado 12 de abril desde las 10:00 horas.<\/span><\/p>\n<p style=\"text-align: justify;\"><span style=\"color: #000000;\"><strong>Visca l&#8217;Esperit de la Grama!!!<\/strong><\/span><\/p>\n","protected":false},"excerpt":{"rendered":"<p>El Prebenjam\u00ed A FEGrama seguir\u00e0 una setmana m\u00e9s a la part m\u00e9s alta de la taula d&#8217;aquest grup 19 despr\u00e8s de la vict\u00f2ria a la setmana passada davant La Florida per un ajustat 5 a 4. Els joves jugadors dirigits per Jonathan Serrat, entrenador del Prebenjam\u00ed A FEGrama, van aconseguir aix\u00ed la vict\u00f2ria vint de [&hellip;]<\/p>\n","protected":false},"author":1,"featured_media":0,"comment_status":"closed","ping_status":"closed","sticky":false,"template":"","format":"standard","meta":{"footnotes":""},"categories":[4,12],"tags":[],"class_list":["post-3385","post","type-post","status-publish","format-standard","hentry","category-base-inclusiu","category-prebenjamins"],"_links":{"self":[{"href":"http:\/\/fegrama.cat\/web\/wp-json\/wp\/v2\/posts\/3385","targetHints":{"allow":["GET"]}}],"collection":[{"href":"http:\/\/fegrama.cat\/web\/wp-json\/wp\/v2\/posts"}],"about":[{"href":"http:\/\/fegrama.cat\/web\/wp-json\/wp\/v2\/types\/post"}],"author":[{"embeddable":true,"href":"http:\/\/fegrama.cat\/web\/wp-json\/wp\/v2\/users\/1"}],"replies":[{"embeddable":true,"href":"http:\/\/fegrama.cat\/web\/wp-json\/wp\/v2\/comments?post=3385"}],"version-history":[{"count":1,"href":"http:\/\/fegrama.cat\/web\/wp-json\/wp\/v2\/posts\/3385\/revisions"}],"predecessor-version":[{"id":3388,"href":"http:\/\/fegrama.cat\/web\/wp-json\/wp\/v2\/posts\/3385\/revisions\/3388"}],"wp:attachment":[{"href":"http:\/\/fegrama.cat\/web\/wp-json\/wp\/v2\/media?parent=3385"}],"wp:term":[{"taxonomy":"category","embeddable":true,"href":"http:\/\/fegrama.cat\/web\/wp-json\/wp\/v2\/categories?post=3385"},{"taxonomy":"post_tag","embeddable":true,"href":"http:\/\/fegrama.cat\/web\/wp-json\/wp\/v2\/tags?post=3385"}],"curies":[{"name":"wp","href":"https:\/\/api.w.org\/{rel}","templated":true}]}}