{"id":3376,"date":"2014-04-11T08:39:03","date_gmt":"2014-04-11T06:39:03","guid":{"rendered":"http:\/\/fegrama.cat\/web\/?p=3376"},"modified":"2014-04-10T20:40:53","modified_gmt":"2014-04-10T18:40:53","slug":"lalevi-b-de-la-fegrama-rebra-diumenge-al-nou-municipal-de-santa-coloma-al-cabrils-dese","status":"publish","type":"post","link":"http:\/\/fegrama.cat\/web\/lalevi-b-de-la-fegrama-rebra-diumenge-al-nou-municipal-de-santa-coloma-al-cabrils-dese\/","title":{"rendered":"L&#8217;Alev\u00ed B de la FEGrama rebr\u00e0 diumenge al Nou Municipal de Santa Coloma al Cabrils, des\u00e8"},"content":{"rendered":"<p style=\"text-align: justify;\"><span style=\"color: #000000;\">L&#8217;Alev\u00ed B de la FEGrama voldr\u00e0 continuar la seva din\u00e0mica de tornar a sumar en aquest cas com l&#8217;empat a casa del Masnou per 3-3 de la setmana passada que va saber a poc despr\u00e8s d&#8217;anar guanyant per un parcial de 0-3 davant el pen\u00faltim, amb gols d&#8217;Izan Ferreres amb doblet i de Iv\u00e1n Montes.<\/span><\/p>\n<p style=\"text-align: justify;\"><span style=\"color: #000000;\">Encara que \u00e9s molt important aquest punt per a l&#8217;equip de la Fundaci\u00f3 Grama que segueix cinqu\u00e8 i retalla en un punt al seg\u00fcent a la classificaci\u00f3, el Mercantil que ha perdut per golejada davant el segon, el J\u00e0bac i Terrassa.<\/span><\/p>\n<p style=\"text-align: justify;\"><span style=\"color: #000000;\">Aquesta punt fa que el conjunt de la Fundaci\u00f3 Grama es consolidi a la cinquena amb 38 punts i es fiqui al grup capdavanter d&#8217;aquest grup 4 per continuar pujant posicions els pr\u00f2xims partits.<\/span><\/p>\n<p style=\"text-align: justify;\"><span style=\"color: #000000;\">El conjunt dirigit per Dani Rosa i D\u00eddac Caballero de la Fundaci\u00f3 Grama a la jornada 24 rebr\u00e0 al Nou Municipal de Santa Coloma al Cabrils, des\u00e8 classificat amb 29 punts. Ser\u00e0 el pr\u00f2xim diumenge 13 d&#8217;abril des de les 14:15 hores.<\/span><\/p>\n<p style=\"text-align: justify;\"><span style=\"color: #000000;\">[divider]<\/span><\/p>\n<p style=\"text-align: justify;\"><span style=\"color: #000000;\">[button color=\u00bbblue\u00bb size=\u00bbsmall\u00bb link=\u00bbhttp:\/\/www.fcf.cat\/pnfg\/NFG_CmpJornada?cod_primaria=1000120&amp;CodCompeticion=18473305&amp;CodGrupo=18504080&amp;CodTemporada=9&amp;CodJornada=10&#8243; target=\u00bbblank\u00bb ]Resultats[\/button]<\/span><\/p>\n<p style=\"text-align: justify;\"><span style=\"color: #000000;\">[button color=\u00bbblue\u00bb size=\u00bbsmall\u00bb link=\u00bbhttp:\/\/www.fcf.cat\/pnfg\/NPcd\/NFG_VisClasificacion?cod_primaria=1000120&amp;codgrupo=18504080&amp;codcompeticion=18473305&#8243; target=\u00bbblank\u00bb ]Classificaci\u00f3[\/button]<\/span><\/p>\n<p style=\"text-align: justify;\"><span style=\"color: #000000;\">El Alev\u00edn B de la FEGrama querr\u00e1 continuar su din\u00e1mica de volver a sumar en este caso como el empate en casa del Masnou por 3-3 de la semana pasada que supo a poco despu\u00e9s de ir ganando por un parcial de 0 -3 ante el pen\u00faltimo, con goles de Izan Ferreres con doblete y de Iv\u00e1n Montes. <\/span><br \/>\n<span style=\"color: #000000;\">Aunque es muy importante este punto para el equipo de la Fundaci\u00f3n Grama que sigue quinto y recorta en un punto al siguiente en la clasificaci\u00f3n, el Mercantil que ha perdido por goleada ante el segundo, el J\u00e0bac y terraza.<\/span><\/p>\n<p style=\"text-align: justify;\"><span style=\"color: #000000;\">Esta punto hace que el conjunto de la Fundaci\u00f3n Grama se consolide en la quinta con 38 puntos y se meta en el grupo de cabeza de este grupo 4 para seguir subiendo posiciones en los pr\u00f3ximos partidos.<\/span><\/p>\n<p style=\"text-align: justify;\"><span style=\"color: #000000;\">El conjunto dirigido por Dani Rosa y Diego Caballero de la Fundaci\u00f3n Grama a la jornada 24 recibir\u00e1 en el Nou Municipal de Santa Coloma al Cabrils, d\u00e9cimo clasificado con 29 puntos. Ser\u00e1 el pr\u00f3ximo domingo 13 de abril desde las 14:15 horas.<\/span><\/p>\n<p style=\"text-align: justify;\"><span style=\"color: #000000;\"><strong>Visca l&#8217;Esperit Grama!!!<\/strong><\/span><\/p>\n","protected":false},"excerpt":{"rendered":"<p>L&#8217;Alev\u00ed B de la FEGrama voldr\u00e0 continuar la seva din\u00e0mica de tornar a sumar en aquest cas com l&#8217;empat a casa del Masnou per 3-3 de la setmana passada que va saber a poc despr\u00e8s d&#8217;anar guanyant per un parcial de 0-3 davant el pen\u00faltim, amb gols d&#8217;Izan Ferreres amb doblet i de Iv\u00e1n Montes. [&hellip;]<\/p>\n","protected":false},"author":1,"featured_media":0,"comment_status":"closed","ping_status":"closed","sticky":false,"template":"","format":"standard","meta":{"footnotes":""},"categories":[10,4],"tags":[],"class_list":["post-3376","post","type-post","status-publish","format-standard","hentry","category-alevins","category-base-inclusiu"],"_links":{"self":[{"href":"http:\/\/fegrama.cat\/web\/wp-json\/wp\/v2\/posts\/3376","targetHints":{"allow":["GET"]}}],"collection":[{"href":"http:\/\/fegrama.cat\/web\/wp-json\/wp\/v2\/posts"}],"about":[{"href":"http:\/\/fegrama.cat\/web\/wp-json\/wp\/v2\/types\/post"}],"author":[{"embeddable":true,"href":"http:\/\/fegrama.cat\/web\/wp-json\/wp\/v2\/users\/1"}],"replies":[{"embeddable":true,"href":"http:\/\/fegrama.cat\/web\/wp-json\/wp\/v2\/comments?post=3376"}],"version-history":[{"count":1,"href":"http:\/\/fegrama.cat\/web\/wp-json\/wp\/v2\/posts\/3376\/revisions"}],"predecessor-version":[{"id":3378,"href":"http:\/\/fegrama.cat\/web\/wp-json\/wp\/v2\/posts\/3376\/revisions\/3378"}],"wp:attachment":[{"href":"http:\/\/fegrama.cat\/web\/wp-json\/wp\/v2\/media?parent=3376"}],"wp:term":[{"taxonomy":"category","embeddable":true,"href":"http:\/\/fegrama.cat\/web\/wp-json\/wp\/v2\/categories?post=3376"},{"taxonomy":"post_tag","embeddable":true,"href":"http:\/\/fegrama.cat\/web\/wp-json\/wp\/v2\/tags?post=3376"}],"curies":[{"name":"wp","href":"https:\/\/api.w.org\/{rel}","templated":true}]}}