{"id":3373,"date":"2014-04-11T08:36:28","date_gmt":"2014-04-11T06:36:28","guid":{"rendered":"http:\/\/fegrama.cat\/web\/?p=3373"},"modified":"2014-04-10T20:38:57","modified_gmt":"2014-04-10T18:38:57","slug":"el-juvenil-a-de-la-fegrama-rebra-dissabte-al-badalona-ultim","status":"publish","type":"post","link":"http:\/\/fegrama.cat\/web\/el-juvenil-a-de-la-fegrama-rebra-dissabte-al-badalona-ultim\/","title":{"rendered":"El Juvenil A de la FEGrama rebr\u00e0 dissabte al Badalona, \u00faltim"},"content":{"rendered":"<p style=\"text-align: justify;\"><span style=\"color: #000000;\">El Juvenil Preferent de la FEGrama voldr\u00e0 canviar la derrota de la setmana passada a casa de L&#8217;Hospitalet per 3-1 o els jugadors entrenats per Toni Rovira i Ismael Poveda varen baixar una pla\u00e7a fins a la onzena posici\u00f3 amb 31 punts per la vict\u00f2ria del Sant Gabriel davant un tercer classificat com el Masnou, 3-0. Aix\u00ed que es voldr\u00e0 tornar a remuntar posicions per\u00f2 a\u00a0la jornada 25, el conjunt de la Fundaci\u00f3 Grama rebr\u00e0 al Badalona, \u00faltim classificat amb 20 punts, el dissabte 12 d&#8217;abril des de les 18:00 hores.<\/span><\/p>\n<p style=\"text-align: justify;\"><span style=\"color: #000000;\">[divider]<\/span><\/p>\n<p style=\"text-align: justify;\"><span style=\"color: #000000;\">[button color=\u00bbblue\u00bb size=\u00bbsmall\u00bb link=\u00bbhttp:\/\/www.fcf.cat\/pnfg\/NFG_CmpJornada?cod_primaria=1000120&amp;CodCompeticion=18473287&amp;CodGrupo=18491079&amp;CodTemporada=9&amp;CodJornada=12&#8243; target=\u00bbblank\u00bb ]Resultats[\/button]<\/span><\/p>\n<p style=\"text-align: justify;\"><span style=\"color: #000000;\">[button color=\u00bbblue\u00bb size=\u00bbsmall\u00bb link=\u00bbhttp:\/\/www.fcf.cat\/pnfg\/NPcd\/NFG_VisClasificacion?cod_primaria=1000120&amp;codgrupo=18491079&amp;codcompeticion=18473287&#8243; target=\u00bbblank\u00bb ]Classificaci\u00f3[\/button]<\/span><\/p>\n<p style=\"text-align: justify;\"><span style=\"color: #000000;\">El Juvenil Preferente de la FEGrama querr\u00e1 cambiar la derrota de la semana pasada en casa de L&#8217;Hospitalet por 3-1 o los jugadores entrenados por Toni Rovira y Ismael Poveda bajaron una plaza hasta la und\u00e9cima posici\u00f3n con 31 puntos por la victoria del San Gabriel ante un tercer clasificado como el Masnou, 3-0. As\u00ed que se querr\u00e1 volver a remontar posiciones pero en la jornada 25, el conjunto de la Fundaci\u00f3n Grama recibir\u00e1 al Badalona, \u00faltimo clasificado con 20 puntos, el s\u00e1bado 12 de abril desde las 18:00 horas.<\/span><\/p>\n<p style=\"text-align: justify;\"><span style=\"color: #000000;\"><strong>Visca l&#8217;Esperit Grama!!!<\/strong><\/span><\/p>\n","protected":false},"excerpt":{"rendered":"<p>El Juvenil Preferent de la FEGrama voldr\u00e0 canviar la derrota de la setmana passada a casa de L&#8217;Hospitalet per 3-1 o els jugadors entrenats per Toni Rovira i Ismael Poveda varen baixar una pla\u00e7a fins a la onzena posici\u00f3 amb 31 punts per la vict\u00f2ria del Sant Gabriel davant un tercer classificat com el Masnou, [&hellip;]<\/p>\n","protected":false},"author":1,"featured_media":0,"comment_status":"closed","ping_status":"closed","sticky":false,"template":"","format":"standard","meta":{"footnotes":""},"categories":[4,6],"tags":[],"class_list":["post-3373","post","type-post","status-publish","format-standard","hentry","category-base-inclusiu","category-juvenils"],"_links":{"self":[{"href":"http:\/\/fegrama.cat\/web\/wp-json\/wp\/v2\/posts\/3373","targetHints":{"allow":["GET"]}}],"collection":[{"href":"http:\/\/fegrama.cat\/web\/wp-json\/wp\/v2\/posts"}],"about":[{"href":"http:\/\/fegrama.cat\/web\/wp-json\/wp\/v2\/types\/post"}],"author":[{"embeddable":true,"href":"http:\/\/fegrama.cat\/web\/wp-json\/wp\/v2\/users\/1"}],"replies":[{"embeddable":true,"href":"http:\/\/fegrama.cat\/web\/wp-json\/wp\/v2\/comments?post=3373"}],"version-history":[{"count":1,"href":"http:\/\/fegrama.cat\/web\/wp-json\/wp\/v2\/posts\/3373\/revisions"}],"predecessor-version":[{"id":3375,"href":"http:\/\/fegrama.cat\/web\/wp-json\/wp\/v2\/posts\/3373\/revisions\/3375"}],"wp:attachment":[{"href":"http:\/\/fegrama.cat\/web\/wp-json\/wp\/v2\/media?parent=3373"}],"wp:term":[{"taxonomy":"category","embeddable":true,"href":"http:\/\/fegrama.cat\/web\/wp-json\/wp\/v2\/categories?post=3373"},{"taxonomy":"post_tag","embeddable":true,"href":"http:\/\/fegrama.cat\/web\/wp-json\/wp\/v2\/tags?post=3373"}],"curies":[{"name":"wp","href":"https:\/\/api.w.org\/{rel}","templated":true}]}}