{"id":3370,"date":"2014-04-11T08:34:06","date_gmt":"2014-04-11T06:34:06","guid":{"rendered":"http:\/\/fegrama.cat\/web\/?p=3370"},"modified":"2014-04-10T20:36:15","modified_gmt":"2014-04-10T18:36:15","slug":"el-juvenil-b-de-la-fegrama-rebra-al-nou-municipal-de-santa-coloma-als-salesians-bosco-horta-dotze","status":"publish","type":"post","link":"http:\/\/fegrama.cat\/web\/el-juvenil-b-de-la-fegrama-rebra-al-nou-municipal-de-santa-coloma-als-salesians-bosco-horta-dotze\/","title":{"rendered":"El Juvenil B de la FEGrama rebr\u00e0 diumenge al Nou Municipal de Santa Coloma als Salesians Bosco-Horta, dotz\u00e8"},"content":{"rendered":"<p>El Juvenil B de la FEGrama voldr\u00e0 repetir el protagonisme de la golejada de la jornada 23 contra la Escola Collblanc-Torrassa per 8 a 0 o els jugadors dirigits per Javi Murillo i Tito Arcas varen sumar aix\u00ed la seva setzena vict\u00f2ria, el tercer triomf de les \u00faltimes cinc jornades malgrat els dos empats que fan que el conjunt de la Fundaci\u00f3 Grama estigui a nom\u00e8s sis punts del l\u00edder, el Tur\u00f3 de la Peira, que ha guanyat 3-2.<\/p>\n<p>A la jornada 24 el conjunt de la Fundaci\u00f3 Grama rebr\u00e0 al Nou Municipal de Santa Coloma als Salesians Bosco-Horta, dotz\u00e8 classificat amb 11 punts, el diumenge 13 d&#8217;abril des de les 16:00 hores.<\/p>\n<p>[divider]<\/p>\n<p>[button color=\u00bbblue\u00bb size=\u00bbsmall\u00bb link=\u00bbhttp:\/\/www.fcf.cat\/pnfg\/NFG_CmpJornada?cod_primaria=1000120&amp;CodCompeticion=18473289&amp;CodGrupo=18563099&amp;CodTemporada=9&amp;CodJornada=10&#8243; target=\u00bbblank\u00bb ]Resultats[\/button]<\/p>\n<p>[button color=\u00bbblue\u00bb size=\u00bbsmall\u00bb link=\u00bbhttp:\/\/www.fcf.cat\/pnfg\/NPcd\/NFG_VisClasificacion?cod_primaria=1000120&amp;codgrupo=18563099&amp;codcompeticion=18473289&#8243; target=\u00bbblank\u00bb ]Classificaci\u00f3[\/button]<\/p>\n<p>El Juvenil B de la FEGrama querr\u00e1 repetir el protagonismo de la goleada de la jornada 23 contra la Escuela Collblanc-Torrassa por 8 a 0 o los jugadores dirigidos por Javi Murillo y Francisco Arcas sumaron as\u00ed su decimosexta victoria, el tercer triunfo de las \u00faltimas cinco jornadas a pesar de los dos empates que hacen que el conjunto de la Fundaci\u00f3n Grama est\u00e9 a s\u00f3lo seis puntos del l\u00edder, el Tur\u00f3 de la Peira, que ha ganado 3-2.<\/p>\n<p>En la jornada 24 el conjunto de la Fundaci\u00f3n Grama recibir\u00e1 en el Nou Municipal de Santa Coloma los Salesianos Bosco-Huerta, duod\u00e9cimo clasificado con 11 puntos, el domingo 13 de abril desde las 16:00 horas.<\/p>\n<p><strong>Visca l&#8217;Esperit Grama!!!<\/strong><\/p>\n","protected":false},"excerpt":{"rendered":"<p>El Juvenil B de la FEGrama voldr\u00e0 repetir el protagonisme de la golejada de la jornada 23 contra la Escola Collblanc-Torrassa per 8 a 0 o els jugadors dirigits per Javi Murillo i Tito Arcas varen sumar aix\u00ed la seva setzena vict\u00f2ria, el tercer triomf de les \u00faltimes cinc jornades malgrat els dos empats que [&hellip;]<\/p>\n","protected":false},"author":1,"featured_media":0,"comment_status":"closed","ping_status":"closed","sticky":false,"template":"","format":"standard","meta":{"footnotes":""},"categories":[4,6],"tags":[],"class_list":["post-3370","post","type-post","status-publish","format-standard","hentry","category-base-inclusiu","category-juvenils"],"_links":{"self":[{"href":"http:\/\/fegrama.cat\/web\/wp-json\/wp\/v2\/posts\/3370","targetHints":{"allow":["GET"]}}],"collection":[{"href":"http:\/\/fegrama.cat\/web\/wp-json\/wp\/v2\/posts"}],"about":[{"href":"http:\/\/fegrama.cat\/web\/wp-json\/wp\/v2\/types\/post"}],"author":[{"embeddable":true,"href":"http:\/\/fegrama.cat\/web\/wp-json\/wp\/v2\/users\/1"}],"replies":[{"embeddable":true,"href":"http:\/\/fegrama.cat\/web\/wp-json\/wp\/v2\/comments?post=3370"}],"version-history":[{"count":1,"href":"http:\/\/fegrama.cat\/web\/wp-json\/wp\/v2\/posts\/3370\/revisions"}],"predecessor-version":[{"id":3372,"href":"http:\/\/fegrama.cat\/web\/wp-json\/wp\/v2\/posts\/3370\/revisions\/3372"}],"wp:attachment":[{"href":"http:\/\/fegrama.cat\/web\/wp-json\/wp\/v2\/media?parent=3370"}],"wp:term":[{"taxonomy":"category","embeddable":true,"href":"http:\/\/fegrama.cat\/web\/wp-json\/wp\/v2\/categories?post=3370"},{"taxonomy":"post_tag","embeddable":true,"href":"http:\/\/fegrama.cat\/web\/wp-json\/wp\/v2\/tags?post=3370"}],"curies":[{"name":"wp","href":"https:\/\/api.w.org\/{rel}","templated":true}]}}