{"id":334,"date":"2013-12-09T11:28:32","date_gmt":"2013-12-09T11:28:32","guid":{"rendered":"http:\/\/fegrama.cat\/web\/?p=334"},"modified":"2013-12-22T08:38:49","modified_gmt":"2013-12-22T08:38:49","slug":"el-enganxos-himne-ale-ale-emmarca-la-presentacio-de-la-fundacio-esportiva-grama","status":"publish","type":"post","link":"http:\/\/fegrama.cat\/web\/el-enganxos-himne-ale-ale-emmarca-la-presentacio-de-la-fundacio-esportiva-grama\/","title":{"rendered":"El enganx\u00f3s himne \u00abAl\u00e9, Al\u00e9\u00bb emmarca la presentaci\u00f3 de la Fundaci\u00f3 Esportiva Grama"},"content":{"rendered":"<p style=\"text-align: justify;\"><span style=\"color: #000000;\">Les 2.500 persones que van assistir a la presentaci\u00f3 oficial de la <a title=\"FACEBOOK FUNDACIO GRAMA\" href=\"https:\/\/www.facebook.com\/FundacioesportivaGrama\" target=\"_blank\">Fundaci\u00f3 Esportiva Grama<\/a> van gaudir de l&#8217;exhibici\u00f3 dels 21 equips federats m\u00e9s les dues escoles dels m\u00e9s petits que van saltar al <strong>Nou Municipal de Santa Coloma<\/strong>.<\/span><\/p>\n<p style=\"text-align: justify;\"><span style=\"color: #000000;\">Per\u00f2 aqu\u00ed no quedava aix\u00f2 sin\u00f3 que l&#8217;assolellat divendres, 6 de desembre, amagava moltes m\u00e9s sorpreses en el nou club que presideix <strong>Antonio Morales<\/strong> i qui personalment s&#8217;ha bolcat en cos i \u00e0nima en l&#8217;arrencada i consolidaci\u00f3 d&#8217;un nou club de futbol.<\/span><\/p>\n<figure id=\"attachment_10540\" aria-describedby=\"caption-attachment-10540\" style=\"width: 512px\" class=\"wp-caption aligncenter\"><a href=\"https:\/\/plus.google.com\/photos\/113125192083830612262\/albums\/5954581074978537681?banner=pwa\"><img loading=\"lazy\" decoding=\"async\" class=\" wp-image-10540 \" alt=\"Los m\u00e1s peques de la Fundaci\u00f3 Esportiva Grama fueron los protagonistas en el Nou Municipal de Santa Coloma\" src=\"http:\/\/totgramenet.cat\/wp-content\/uploads\/2013\/12\/Presentacio_FundacioEGrama_divendres_6_desembre070.jpg\" width=\"512\" height=\"384\" \/><\/a><figcaption id=\"caption-attachment-10540\" class=\"wp-caption-text\">Los m\u00e1s peques de la Fundaci\u00f3 Esportiva Grama fueron los protagonistas en el Nou Municipal de Santa Coloma<\/figcaption><\/figure>\n<p style=\"text-align: justify;\"><span style=\"color: #000000;\"><strong>Morales\u00a0remarca el car\u00e0cter \u00abintegrador i de cohesi\u00f3 social\u00bb de la Fundaci\u00f3<\/strong><\/span><\/p>\n<p style=\"text-align: justify;\"><span style=\"color: #000000;\">La nova entitat esportiva pret\u00e9n recolzar-se en les categories base com pedestal justament com es va poder comprovar en la presentaci\u00f3, on abundaven els nens i nenes de la ciutat i tamb\u00e9 dels voltants, acompanyats de pares i familiars que no es van voler perdre la festa del futbol. <strong>Morales<\/strong>, en la seva intervenci\u00f3, va voler remarcar el car\u00e0cter \u00abintegrador i de cohesi\u00f3 social\u00bb dels joves de l&#8217;entorn amb l&#8217;esport com a eix adaptatiu.<\/span><\/p>\n<p style=\"text-align: justify;\"><span style=\"color: #000000;\">Morales ha estat flanquejat per les autoritats locals i federatives encap\u00e7alades per l&#8217;alcaldessa de Santa Coloma, <strong>N\u00faria Parlon<\/strong>, el Tinent d&#8217;alcalde, <strong>Esteve Serrano<\/strong>, i el regidor d&#8217;Esports, <strong>Diego Arroyo<\/strong>, a m\u00e9s del vicepresident de la Federaci\u00f3 Catalana de Futbol, <strong>Josep Lla\u00f3<\/strong>, entre d&#8217;altres.<\/span><\/p>\n<figure id=\"attachment_10541\" aria-describedby=\"caption-attachment-10541\" style=\"width: 512px\" class=\"wp-caption aligncenter\"><a href=\"https:\/\/plus.google.com\/photos\/113125192083830612262\/albums\/5954581074978537681?banner=pwa\"><img loading=\"lazy\" decoding=\"async\" class=\" wp-image-10541 \" alt=\"Imagen de las autoridades y los directivos de la Fundaci\u00f3 Esportiva Grama\" src=\"http:\/\/totgramenet.cat\/wp-content\/uploads\/2013\/12\/Presentacio_FundacioEGrama_divendres_6_desembre098.jpg\" width=\"512\" height=\"384\" \/><\/a><figcaption id=\"caption-attachment-10541\" class=\"wp-caption-text\">Imagen de las autoridades y los directivos de la Fundaci\u00f3 Esportiva Grama<\/figcaption><\/figure>\n<p><span style=\"color: #000000;\">El seg\u00fcent torn de paraules, l&#8217;alcaldessa <strong>N\u00faria Parlon<\/strong> va confirmar el seu suport a les pretensions socio-esportives de la Fundaci\u00f3 Esportiva Grama i es va recordar del ja hist\u00f2ric\u00a0<strong>Nelson Mandela<\/strong> per fer \u00e8mfasi en \u00abla defensa dels drets humans\u00bb per la igualtat d&#8217;oportunitats.<\/span><\/p>\n<p style=\"text-align: justify;\"><span style=\"color: #000000;\"><strong>\u00abVamos a crecer, vamos a so\u00f1ar, anem a jugar, anem a guanyar\u00bb<\/strong><\/span><\/p>\n<p style=\"text-align: justify;\"><span style=\"color: #000000;\">Abans de la guinda final de l&#8217;Himne de la Fundaci\u00f3 \u00ab<strong>Al\u00e9, Al\u00e9<\/strong>\u00bb del m\u00fasic colomenc <strong>Prebe<\/strong>, es va donar la paraula a l&#8217;artista creador del logo del club, <strong>Pep\u00f2nio<\/strong>, mentre el grup de castellers <strong>Laietans de Gramenet<\/strong> carregava dos pilars de quatre, o el <strong>mag Fleky<\/strong> feia desapar\u00e8ixer a la seva ajudant, tot aix\u00f2 presentat pel mestre de cerim\u00f2nies i amic personal de Morales, <strong>Xavi Andreu<\/strong>.<\/span><\/p>\n<p style=\"text-align: justify;\"><span style=\"color: #000000;\"><strong>Prebe<\/strong> i el seu grup de m\u00fasics, van presentar el nou himne \u00ab<strong>Al\u00e9, Al\u00e9<\/strong>\u00bb envoltats d&#8217;un cor format per joves jugadors de la Fundaci\u00f3 que tenen el seu moment de gl\u00f2ria en la can\u00e7\u00f3, \u00abAnem a cr\u00e9ixer, anem a somiar, anem a jugar, anem a guanyar \u00ab. A m\u00e9s l&#8217;himne segueix tocant la fibra amb un \u00ab<strong>Orgull de ser colomenc<\/strong>\u00ab, com el nou club, de tota Santa Coloma.<\/span><\/p>\n<figure id=\"attachment_10542\" aria-describedby=\"caption-attachment-10542\" style=\"width: 448px\" class=\"wp-caption aligncenter\"><a href=\"https:\/\/plus.google.com\/photos\/113125192083830612262\/albums\/5954581074978537681?banner=pwa\"><img loading=\"lazy\" decoding=\"async\" class=\" wp-image-10542 \" alt=\"El artista colomense, Prebe, canta el himno de la Fundaci\u00f3 Esportiva Grama\" src=\"http:\/\/totgramenet.cat\/wp-content\/uploads\/2013\/12\/Presentacio_FundacioEGrama_divendres_6_desembre152.jpg\" width=\"448\" height=\"336\" \/><\/a><figcaption id=\"caption-attachment-10542\" class=\"wp-caption-text\">El artista colomense, Prebe, canta el himno de la Fundaci\u00f3 Esportiva Grama<\/figcaption><\/figure>\n<p><iframe loading=\"lazy\" src=\"\/\/www.youtube.com\/embed\/MCMUpssGmv0\" height=\"315\" width=\"420\" allowfullscreen=\"\" frameborder=\"0\"><\/iframe><\/p>\n","protected":false},"excerpt":{"rendered":"<p>Les 2.500 persones que van assistir a la presentaci\u00f3 oficial de la Fundaci\u00f3 Esportiva Grama van gaudir de l&#8217;exhibici\u00f3 dels 21 equips federats m\u00e9s les dues escoles dels m\u00e9s petits que van saltar al Nou Municipal de Santa Coloma. Per\u00f2 aqu\u00ed no quedava aix\u00f2 sin\u00f3 que l&#8217;assolellat divendres, 6 de desembre, amagava moltes m\u00e9s sorpreses [&hellip;]<\/p>\n","protected":false},"author":1,"featured_media":335,"comment_status":"closed","ping_status":"closed","sticky":false,"template":"","format":"standard","meta":{"footnotes":""},"categories":[14],"tags":[23,57,56,59,24,58,27,22,21],"class_list":["post-334","post","type-post","status-publish","format-standard","has-post-thumbnail","hentry","category-noticies","tag-antonio-morales","tag-diego-arroyo","tag-esteve-serrano","tag-fcf","tag-fundacio-esportiva-grama","tag-josep-llao","tag-nou-municipal","tag-nuria-parlon","tag-santa-coloma"],"_links":{"self":[{"href":"http:\/\/fegrama.cat\/web\/wp-json\/wp\/v2\/posts\/334","targetHints":{"allow":["GET"]}}],"collection":[{"href":"http:\/\/fegrama.cat\/web\/wp-json\/wp\/v2\/posts"}],"about":[{"href":"http:\/\/fegrama.cat\/web\/wp-json\/wp\/v2\/types\/post"}],"author":[{"embeddable":true,"href":"http:\/\/fegrama.cat\/web\/wp-json\/wp\/v2\/users\/1"}],"replies":[{"embeddable":true,"href":"http:\/\/fegrama.cat\/web\/wp-json\/wp\/v2\/comments?post=334"}],"version-history":[{"count":3,"href":"http:\/\/fegrama.cat\/web\/wp-json\/wp\/v2\/posts\/334\/revisions"}],"predecessor-version":[{"id":784,"href":"http:\/\/fegrama.cat\/web\/wp-json\/wp\/v2\/posts\/334\/revisions\/784"}],"wp:featuredmedia":[{"embeddable":true,"href":"http:\/\/fegrama.cat\/web\/wp-json\/wp\/v2\/media\/335"}],"wp:attachment":[{"href":"http:\/\/fegrama.cat\/web\/wp-json\/wp\/v2\/media?parent=334"}],"wp:term":[{"taxonomy":"category","embeddable":true,"href":"http:\/\/fegrama.cat\/web\/wp-json\/wp\/v2\/categories?post=334"},{"taxonomy":"post_tag","embeddable":true,"href":"http:\/\/fegrama.cat\/web\/wp-json\/wp\/v2\/tags?post=334"}],"curies":[{"name":"wp","href":"https:\/\/api.w.org\/{rel}","templated":true}]}}