{"id":32957,"date":"2023-09-13T18:14:24","date_gmt":"2023-09-13T17:14:24","guid":{"rendered":"https:\/\/fegrama.cat\/web\/?p=32957"},"modified":"2023-09-13T18:14:25","modified_gmt":"2023-09-13T17:14:25","slug":"la-fe-grama-recull-el-premi-sant-jordi-a-la-tasca-social-i-esportiva","status":"publish","type":"post","link":"http:\/\/fegrama.cat\/web\/la-fe-grama-recull-el-premi-sant-jordi-a-la-tasca-social-i-esportiva\/","title":{"rendered":"La FE Grama recull el Premi Sant Jordi a la tasca social i esportiva"},"content":{"rendered":"\n<p>La Fundaci\u00f3 Esportiva Grama est\u00e0 de celebraci\u00f3. El club, que treballa dia rere dia per cr\u00e8ixer tant en l&#8217;\u00e0mbit esportiu com en l&#8217;\u00e0mbit social, ha rebut una distinci\u00f3 per part de l&#8217;Associaci\u00f3 de Ve\u00efns Sant Joan de Llefi\u00e0-Gran Sol ubicada a Badalona; m\u00e9s concretament, el Premi Sant Jordi a la tasca social i esportiva.<\/p>\n\n\n\n<p>Cal recordar que l&#8217;entitat t\u00e9 m\u00e9s de 35 equips de futbol, aix\u00ed com la secci\u00f3 de Karate Solidari o l&#8217;equip de Futbol Inclusiu. En aquest mateix sentit d&#8217;estar volcats amb la societat i l&#8217;entorn que ens rodeja, el club ha realitzat diverses accions solid\u00e0ries, com la donaci\u00f3 de taquilla a associacions de ve\u00efns de Santa Coloma de Gramenet o l&#8217;enviament de material esportiu a l&#8217;\u00c0frica en m\u00e9s d&#8217;una ocasi\u00f3, entre d&#8217;altres iniciatives.<\/p>\n\n\n\n<p>El premi va ser recollit pel vicepresident econ\u00f2mic de l&#8217;entitat, Francesc S\u00e1nchez, a l&#8217;Amfiteatre del parc de Gran Sol de Llefi\u00e0 a Badalona. Posteriorment a l&#8217;entrega dels premis, va actuar el prestigi\u00f3s duet musical Camela dins del marc del Festival de M\u00fasica Gran Sol. A les imatges, es pot veure a Francesc juntament amb d&#8217;altres premiats i l&#8217;alcalde de Badalona, Xavier Garcia Albiol.<\/p>\n\n\n\n<figure class=\"wp-block-gallery has-nested-images columns-default is-cropped wp-block-gallery-1 is-layout-flex wp-block-gallery-is-layout-flex\">\n<figure class=\"wp-block-image size-large\"><a href=\"https:\/\/fegrama.cat\/web\/wp-content\/uploads\/2023\/09\/WhatsApp-Image-2023-09-12-at-07.00.19-2.jpeg\"><img loading=\"lazy\" decoding=\"async\" width=\"1024\" height=\"768\" data-id=\"32960\" src=\"https:\/\/fegrama.cat\/web\/wp-content\/uploads\/2023\/09\/WhatsApp-Image-2023-09-12-at-07.00.19-2-1024x768.jpeg\" alt=\"\" class=\"wp-image-32960\" srcset=\"http:\/\/fegrama.cat\/web\/wp-content\/uploads\/2023\/09\/WhatsApp-Image-2023-09-12-at-07.00.19-2-1024x768.jpeg 1024w, http:\/\/fegrama.cat\/web\/wp-content\/uploads\/2023\/09\/WhatsApp-Image-2023-09-12-at-07.00.19-2-300x225.jpeg 300w, http:\/\/fegrama.cat\/web\/wp-content\/uploads\/2023\/09\/WhatsApp-Image-2023-09-12-at-07.00.19-2-768x576.jpeg 768w, http:\/\/fegrama.cat\/web\/wp-content\/uploads\/2023\/09\/WhatsApp-Image-2023-09-12-at-07.00.19-2-1536x1152.jpeg 1536w, http:\/\/fegrama.cat\/web\/wp-content\/uploads\/2023\/09\/WhatsApp-Image-2023-09-12-at-07.00.19-2-128x96.jpeg 128w, http:\/\/fegrama.cat\/web\/wp-content\/uploads\/2023\/09\/WhatsApp-Image-2023-09-12-at-07.00.19-2-32x24.jpeg 32w, http:\/\/fegrama.cat\/web\/wp-content\/uploads\/2023\/09\/WhatsApp-Image-2023-09-12-at-07.00.19-2.jpeg 2016w\" sizes=\"auto, (max-width: 1024px) 100vw, 1024px\" \/><\/a><\/figure>\n\n\n\n<figure class=\"wp-block-image size-large\"><a href=\"https:\/\/fegrama.cat\/web\/wp-content\/uploads\/2023\/09\/WhatsApp-Image-2023-09-12-at-07.00.19-1.jpeg\"><img loading=\"lazy\" decoding=\"async\" width=\"1024\" height=\"768\" data-id=\"32962\" src=\"https:\/\/fegrama.cat\/web\/wp-content\/uploads\/2023\/09\/WhatsApp-Image-2023-09-12-at-07.00.19-1-1024x768.jpeg\" alt=\"\" class=\"wp-image-32962\" srcset=\"http:\/\/fegrama.cat\/web\/wp-content\/uploads\/2023\/09\/WhatsApp-Image-2023-09-12-at-07.00.19-1-1024x768.jpeg 1024w, http:\/\/fegrama.cat\/web\/wp-content\/uploads\/2023\/09\/WhatsApp-Image-2023-09-12-at-07.00.19-1-300x225.jpeg 300w, http:\/\/fegrama.cat\/web\/wp-content\/uploads\/2023\/09\/WhatsApp-Image-2023-09-12-at-07.00.19-1-768x576.jpeg 768w, http:\/\/fegrama.cat\/web\/wp-content\/uploads\/2023\/09\/WhatsApp-Image-2023-09-12-at-07.00.19-1-1536x1152.jpeg 1536w, http:\/\/fegrama.cat\/web\/wp-content\/uploads\/2023\/09\/WhatsApp-Image-2023-09-12-at-07.00.19-1-128x96.jpeg 128w, http:\/\/fegrama.cat\/web\/wp-content\/uploads\/2023\/09\/WhatsApp-Image-2023-09-12-at-07.00.19-1-32x24.jpeg 32w, http:\/\/fegrama.cat\/web\/wp-content\/uploads\/2023\/09\/WhatsApp-Image-2023-09-12-at-07.00.19-1.jpeg 2016w\" sizes=\"auto, (max-width: 1024px) 100vw, 1024px\" \/><\/a><\/figure>\n\n\n\n<figure class=\"wp-block-image size-large\"><a href=\"https:\/\/fegrama.cat\/web\/wp-content\/uploads\/2023\/09\/WhatsApp-Image-2023-09-12-at-07.00.19.jpeg\"><img loading=\"lazy\" decoding=\"async\" width=\"1024\" height=\"768\" data-id=\"32961\" src=\"https:\/\/fegrama.cat\/web\/wp-content\/uploads\/2023\/09\/WhatsApp-Image-2023-09-12-at-07.00.19-1024x768.jpeg\" alt=\"\" class=\"wp-image-32961\" srcset=\"http:\/\/fegrama.cat\/web\/wp-content\/uploads\/2023\/09\/WhatsApp-Image-2023-09-12-at-07.00.19-1024x768.jpeg 1024w, http:\/\/fegrama.cat\/web\/wp-content\/uploads\/2023\/09\/WhatsApp-Image-2023-09-12-at-07.00.19-300x225.jpeg 300w, http:\/\/fegrama.cat\/web\/wp-content\/uploads\/2023\/09\/WhatsApp-Image-2023-09-12-at-07.00.19-768x576.jpeg 768w, http:\/\/fegrama.cat\/web\/wp-content\/uploads\/2023\/09\/WhatsApp-Image-2023-09-12-at-07.00.19-1536x1152.jpeg 1536w, http:\/\/fegrama.cat\/web\/wp-content\/uploads\/2023\/09\/WhatsApp-Image-2023-09-12-at-07.00.19-128x96.jpeg 128w, http:\/\/fegrama.cat\/web\/wp-content\/uploads\/2023\/09\/WhatsApp-Image-2023-09-12-at-07.00.19-32x24.jpeg 32w, http:\/\/fegrama.cat\/web\/wp-content\/uploads\/2023\/09\/WhatsApp-Image-2023-09-12-at-07.00.19.jpeg 2016w\" sizes=\"auto, (max-width: 1024px) 100vw, 1024px\" \/><\/a><\/figure>\n<\/figure>\n\n\n\n<p>La Fundaci\u00f3 Esportiva Grama est\u00e1 de celebraci\u00f3n. El club, que trabaja d\u00eda tras d\u00eda para crecer tanto en el \u00e1mbito deportivo como en el \u00e1mbito social, ha recibido una distinci\u00f3n por parte de la Asociaci\u00f3n de Vecinos Sant Joan de Llefi\u00e0-Gran Sol; m\u00e1s en concreto, el Premio Sant Jordi a la labor social y deportiva.<\/p>\n\n\n\n<p>Cabe recordar que la entidad tiene m\u00e1s de 35 equipos de f\u00fatbol, \u200b\u200bas\u00ed como la secci\u00f3n de Karate Solidario o el equipo de F\u00fatbol Inclusivo. En este mismo sentido de estar volcados con la sociedad que nos rodea, el club ha realizado diversas acciones solidarias, como la donaci\u00f3n de taquilla a asociaciones de vecinos del entorno del estadio o el env\u00edo de material deportivo al \u00c1frica en m\u00e1s de una ocasi\u00f3n, entre otras iniciativas.<\/p>\n\n\n\n<p>El premio fue recogido por el vicepresidente econ\u00f3mico de la entidad, Francesc S\u00e1nchez, en el Anfiteatro del parque de Gran Sol de Llefi\u00e0 en Badalona. Posteriormente a la entrega de los premios, actu\u00f3 el prestigioso d\u00fao musical Camela dentro del marco del Festival de M\u00fasica Gran Sol. En las im\u00e1genes, se puede ver a Francesc junto a otros premiados y al alcalde de Badalona, \u200b\u200bXavier Garcia Albiol.<\/p>\n","protected":false},"excerpt":{"rendered":"<p>La Fundaci\u00f3 Esportiva Grama est\u00e0 de celebraci\u00f3. El club, que treballa dia rere dia per cr\u00e8ixer tant en l&#8217;\u00e0mbit esportiu com en l&#8217;\u00e0mbit social, ha rebut una distinci\u00f3 per part de l&#8217;Associaci\u00f3 de Ve\u00efns Sant Joan de Llefi\u00e0-Gran Sol ubicada a Badalona; m\u00e9s concretament, el Premi Sant Jordi a la tasca social i esportiva. Cal [&hellip;]<\/p>\n","protected":false},"author":1,"featured_media":32960,"comment_status":"closed","ping_status":"closed","sticky":false,"template":"","format":"standard","meta":{"footnotes":""},"categories":[1348,14,15],"tags":[],"class_list":["post-32957","post","type-post","status-publish","format-standard","has-post-thumbnail","hentry","category-club","category-noticies","category-noticies-destacades"],"_links":{"self":[{"href":"http:\/\/fegrama.cat\/web\/wp-json\/wp\/v2\/posts\/32957","targetHints":{"allow":["GET"]}}],"collection":[{"href":"http:\/\/fegrama.cat\/web\/wp-json\/wp\/v2\/posts"}],"about":[{"href":"http:\/\/fegrama.cat\/web\/wp-json\/wp\/v2\/types\/post"}],"author":[{"embeddable":true,"href":"http:\/\/fegrama.cat\/web\/wp-json\/wp\/v2\/users\/1"}],"replies":[{"embeddable":true,"href":"http:\/\/fegrama.cat\/web\/wp-json\/wp\/v2\/comments?post=32957"}],"version-history":[{"count":5,"href":"http:\/\/fegrama.cat\/web\/wp-json\/wp\/v2\/posts\/32957\/revisions"}],"predecessor-version":[{"id":32965,"href":"http:\/\/fegrama.cat\/web\/wp-json\/wp\/v2\/posts\/32957\/revisions\/32965"}],"wp:featuredmedia":[{"embeddable":true,"href":"http:\/\/fegrama.cat\/web\/wp-json\/wp\/v2\/media\/32960"}],"wp:attachment":[{"href":"http:\/\/fegrama.cat\/web\/wp-json\/wp\/v2\/media?parent=32957"}],"wp:term":[{"taxonomy":"category","embeddable":true,"href":"http:\/\/fegrama.cat\/web\/wp-json\/wp\/v2\/categories?post=32957"},{"taxonomy":"post_tag","embeddable":true,"href":"http:\/\/fegrama.cat\/web\/wp-json\/wp\/v2\/tags?post=32957"}],"curies":[{"name":"wp","href":"https:\/\/api.w.org\/{rel}","templated":true}]}}