{"id":32941,"date":"2023-09-10T23:17:00","date_gmt":"2023-09-10T22:17:00","guid":{"rendered":"http:\/\/fegrama.cat\/web\/?p=32941"},"modified":"2023-09-12T09:39:35","modified_gmt":"2023-09-12T08:39:35","slug":"cronica-hospitalet-grama-j1","status":"publish","type":"post","link":"http:\/\/fegrama.cat\/web\/cronica-hospitalet-grama-j1\/","title":{"rendered":"CE L&#8217;Hospitalet 3-0 FE Grama: derrota al debut lliguer"},"content":{"rendered":"\n<p><em><strong>La Grama cau a l&#8217;Estadi Municipal de L&#8217;Hospitalet a la primera jornada de lliga a Tercera RFEF.<\/strong><\/em><\/p>\n\n\n\n<p>Derrota per iniciar la competici\u00f3 lliguera pels de Jose Solivelles, que tot i lluitar de valent, van ser superats per un contundent i efectiu Hospitalet. L&#8217;inici del partit va estar marcat per l&#8217;igualtat i la falta d&#8217;encert a les \u00e0rees per part dels dos equips, per\u00f2 tot canviaria a punt d&#8217;arribar a la mitja hora de joc quan el davanter local Oscar G\u00f3mez faria el primer del duel. Al 33&#8242; la tindria Guillem Pujol, per\u00f2 els locals aconseguirien refusar la pilota quan anava cap a porteria. I 5 minuts m\u00e9s tard, cauria el segon de L&#8217;Hospitalet, obra d&#8217;Albert L\u00f3pez, arribant al descans amb un complicat 2-0 a l&#8217;electr\u00f2nic.<\/p>\n\n\n\n<p>A la represa, la Grama apretaria mitjan\u00e7ant una pressi\u00f3 for\u00e7a elevada i posaria en perill als locals, amb xuts que farien intervenir el porter Aliaga. La majoria d&#8217;ocasions i apropaments van ser colomencs; no obstant, la pilota no entraria a la meta local. El CE L&#8217;Hospitalet va poder fer el 3r des del punt de penal, per\u00f2 Sergio va aturar el xut des dels onze metres de Ton Alcover. Tot i intentar-ho fins al final, l&#8217;equip colomenc veuria com la renda dels locals augmentaria, ja que Ra\u00fal Mart\u00ednez faria el tercer i definitiu gol. <\/p>\n\n\n\n<p><strong><em>El proper partit per la FE Grama ser\u00e0 diumenge 17 de setembre a partir de les 11:45h al Municipal contra el Mollerussa. Us esperem a tots!<\/em><\/strong><\/p>\n\n\n\n<figure class=\"wp-block-gallery has-nested-images columns-default is-cropped wp-block-gallery-1 is-layout-flex wp-block-gallery-is-layout-flex\">\n<figure class=\"wp-block-image size-large\"><a href=\"http:\/\/fegrama.cat\/web\/wp-content\/uploads\/2023\/09\/Hospi-Grama-30-scaled.jpg\"><img loading=\"lazy\" decoding=\"async\" width=\"1024\" height=\"683\" data-id=\"32942\" src=\"http:\/\/fegrama.cat\/web\/wp-content\/uploads\/2023\/09\/Hospi-Grama-30-1024x683.jpg\" alt=\"\" class=\"wp-image-32942\" srcset=\"http:\/\/fegrama.cat\/web\/wp-content\/uploads\/2023\/09\/Hospi-Grama-30-1024x683.jpg 1024w, http:\/\/fegrama.cat\/web\/wp-content\/uploads\/2023\/09\/Hospi-Grama-30-300x200.jpg 300w, http:\/\/fegrama.cat\/web\/wp-content\/uploads\/2023\/09\/Hospi-Grama-30-768x512.jpg 768w, http:\/\/fegrama.cat\/web\/wp-content\/uploads\/2023\/09\/Hospi-Grama-30-1536x1024.jpg 1536w, http:\/\/fegrama.cat\/web\/wp-content\/uploads\/2023\/09\/Hospi-Grama-30-2048x1365.jpg 2048w, http:\/\/fegrama.cat\/web\/wp-content\/uploads\/2023\/09\/Hospi-Grama-30-128x85.jpg 128w, http:\/\/fegrama.cat\/web\/wp-content\/uploads\/2023\/09\/Hospi-Grama-30-32x21.jpg 32w\" sizes=\"auto, (max-width: 1024px) 100vw, 1024px\" \/><\/a><\/figure>\n\n\n\n<figure class=\"wp-block-image size-large\"><a href=\"http:\/\/fegrama.cat\/web\/wp-content\/uploads\/2023\/09\/Hospi-Grama-34-scaled.jpg\"><img loading=\"lazy\" decoding=\"async\" width=\"1024\" height=\"683\" data-id=\"32943\" src=\"http:\/\/fegrama.cat\/web\/wp-content\/uploads\/2023\/09\/Hospi-Grama-34-1024x683.jpg\" alt=\"\" class=\"wp-image-32943\" srcset=\"http:\/\/fegrama.cat\/web\/wp-content\/uploads\/2023\/09\/Hospi-Grama-34-1024x683.jpg 1024w, http:\/\/fegrama.cat\/web\/wp-content\/uploads\/2023\/09\/Hospi-Grama-34-300x200.jpg 300w, http:\/\/fegrama.cat\/web\/wp-content\/uploads\/2023\/09\/Hospi-Grama-34-768x512.jpg 768w, http:\/\/fegrama.cat\/web\/wp-content\/uploads\/2023\/09\/Hospi-Grama-34-1536x1024.jpg 1536w, http:\/\/fegrama.cat\/web\/wp-content\/uploads\/2023\/09\/Hospi-Grama-34-2048x1365.jpg 2048w, http:\/\/fegrama.cat\/web\/wp-content\/uploads\/2023\/09\/Hospi-Grama-34-128x85.jpg 128w, http:\/\/fegrama.cat\/web\/wp-content\/uploads\/2023\/09\/Hospi-Grama-34-32x21.jpg 32w\" sizes=\"auto, (max-width: 1024px) 100vw, 1024px\" \/><\/a><\/figure>\n\n\n\n<figure class=\"wp-block-image size-large\"><a href=\"http:\/\/fegrama.cat\/web\/wp-content\/uploads\/2023\/09\/Hospi-Grama-43-scaled.jpg\"><img loading=\"lazy\" decoding=\"async\" width=\"1024\" height=\"683\" data-id=\"32946\" src=\"http:\/\/fegrama.cat\/web\/wp-content\/uploads\/2023\/09\/Hospi-Grama-43-1024x683.jpg\" alt=\"\" class=\"wp-image-32946\" srcset=\"http:\/\/fegrama.cat\/web\/wp-content\/uploads\/2023\/09\/Hospi-Grama-43-1024x683.jpg 1024w, http:\/\/fegrama.cat\/web\/wp-content\/uploads\/2023\/09\/Hospi-Grama-43-300x200.jpg 300w, http:\/\/fegrama.cat\/web\/wp-content\/uploads\/2023\/09\/Hospi-Grama-43-768x512.jpg 768w, http:\/\/fegrama.cat\/web\/wp-content\/uploads\/2023\/09\/Hospi-Grama-43-1536x1024.jpg 1536w, http:\/\/fegrama.cat\/web\/wp-content\/uploads\/2023\/09\/Hospi-Grama-43-2048x1365.jpg 2048w, http:\/\/fegrama.cat\/web\/wp-content\/uploads\/2023\/09\/Hospi-Grama-43-128x85.jpg 128w, http:\/\/fegrama.cat\/web\/wp-content\/uploads\/2023\/09\/Hospi-Grama-43-32x21.jpg 32w\" sizes=\"auto, (max-width: 1024px) 100vw, 1024px\" \/><\/a><\/figure>\n\n\n\n<figure class=\"wp-block-image size-large\"><a href=\"http:\/\/fegrama.cat\/web\/wp-content\/uploads\/2023\/09\/Hospi-Grama-50-scaled.jpg\"><img loading=\"lazy\" decoding=\"async\" width=\"1024\" height=\"683\" data-id=\"32944\" src=\"http:\/\/fegrama.cat\/web\/wp-content\/uploads\/2023\/09\/Hospi-Grama-50-1024x683.jpg\" alt=\"\" class=\"wp-image-32944\" srcset=\"http:\/\/fegrama.cat\/web\/wp-content\/uploads\/2023\/09\/Hospi-Grama-50-1024x683.jpg 1024w, http:\/\/fegrama.cat\/web\/wp-content\/uploads\/2023\/09\/Hospi-Grama-50-300x200.jpg 300w, http:\/\/fegrama.cat\/web\/wp-content\/uploads\/2023\/09\/Hospi-Grama-50-768x512.jpg 768w, http:\/\/fegrama.cat\/web\/wp-content\/uploads\/2023\/09\/Hospi-Grama-50-1536x1024.jpg 1536w, http:\/\/fegrama.cat\/web\/wp-content\/uploads\/2023\/09\/Hospi-Grama-50-2048x1365.jpg 2048w, http:\/\/fegrama.cat\/web\/wp-content\/uploads\/2023\/09\/Hospi-Grama-50-128x85.jpg 128w, http:\/\/fegrama.cat\/web\/wp-content\/uploads\/2023\/09\/Hospi-Grama-50-32x21.jpg 32w\" sizes=\"auto, (max-width: 1024px) 100vw, 1024px\" \/><\/a><\/figure>\n\n\n\n<figure class=\"wp-block-image size-large\"><a href=\"http:\/\/fegrama.cat\/web\/wp-content\/uploads\/2023\/09\/Hospi-Grama-76-scaled.jpg\"><img loading=\"lazy\" decoding=\"async\" width=\"1024\" height=\"683\" data-id=\"32945\" src=\"http:\/\/fegrama.cat\/web\/wp-content\/uploads\/2023\/09\/Hospi-Grama-76-1024x683.jpg\" alt=\"\" class=\"wp-image-32945\" srcset=\"http:\/\/fegrama.cat\/web\/wp-content\/uploads\/2023\/09\/Hospi-Grama-76-1024x683.jpg 1024w, http:\/\/fegrama.cat\/web\/wp-content\/uploads\/2023\/09\/Hospi-Grama-76-300x200.jpg 300w, http:\/\/fegrama.cat\/web\/wp-content\/uploads\/2023\/09\/Hospi-Grama-76-768x512.jpg 768w, http:\/\/fegrama.cat\/web\/wp-content\/uploads\/2023\/09\/Hospi-Grama-76-1536x1024.jpg 1536w, http:\/\/fegrama.cat\/web\/wp-content\/uploads\/2023\/09\/Hospi-Grama-76-2048x1365.jpg 2048w, http:\/\/fegrama.cat\/web\/wp-content\/uploads\/2023\/09\/Hospi-Grama-76-128x85.jpg 128w, http:\/\/fegrama.cat\/web\/wp-content\/uploads\/2023\/09\/Hospi-Grama-76-32x21.jpg 32w\" sizes=\"auto, (max-width: 1024px) 100vw, 1024px\" \/><\/a><\/figure>\n\n\n\n<figure class=\"wp-block-image size-large\"><a href=\"http:\/\/fegrama.cat\/web\/wp-content\/uploads\/2023\/09\/Hospi-Grama-74-scaled.jpg\"><img loading=\"lazy\" decoding=\"async\" width=\"1024\" height=\"683\" data-id=\"32954\" src=\"http:\/\/fegrama.cat\/web\/wp-content\/uploads\/2023\/09\/Hospi-Grama-74-1024x683.jpg\" alt=\"\" class=\"wp-image-32954\" srcset=\"http:\/\/fegrama.cat\/web\/wp-content\/uploads\/2023\/09\/Hospi-Grama-74-1024x683.jpg 1024w, http:\/\/fegrama.cat\/web\/wp-content\/uploads\/2023\/09\/Hospi-Grama-74-300x200.jpg 300w, http:\/\/fegrama.cat\/web\/wp-content\/uploads\/2023\/09\/Hospi-Grama-74-768x512.jpg 768w, http:\/\/fegrama.cat\/web\/wp-content\/uploads\/2023\/09\/Hospi-Grama-74-1536x1024.jpg 1536w, http:\/\/fegrama.cat\/web\/wp-content\/uploads\/2023\/09\/Hospi-Grama-74-2048x1365.jpg 2048w, http:\/\/fegrama.cat\/web\/wp-content\/uploads\/2023\/09\/Hospi-Grama-74-128x85.jpg 128w, http:\/\/fegrama.cat\/web\/wp-content\/uploads\/2023\/09\/Hospi-Grama-74-32x21.jpg 32w\" sizes=\"auto, (max-width: 1024px) 100vw, 1024px\" \/><\/a><\/figure>\n\n\n\n<figure class=\"wp-block-image size-large\"><a href=\"http:\/\/fegrama.cat\/web\/wp-content\/uploads\/2023\/09\/Hospi-Grama-77-scaled.jpg\"><img loading=\"lazy\" decoding=\"async\" width=\"1024\" height=\"683\" data-id=\"32953\" src=\"http:\/\/fegrama.cat\/web\/wp-content\/uploads\/2023\/09\/Hospi-Grama-77-1024x683.jpg\" alt=\"\" class=\"wp-image-32953\" srcset=\"http:\/\/fegrama.cat\/web\/wp-content\/uploads\/2023\/09\/Hospi-Grama-77-1024x683.jpg 1024w, http:\/\/fegrama.cat\/web\/wp-content\/uploads\/2023\/09\/Hospi-Grama-77-300x200.jpg 300w, http:\/\/fegrama.cat\/web\/wp-content\/uploads\/2023\/09\/Hospi-Grama-77-768x512.jpg 768w, http:\/\/fegrama.cat\/web\/wp-content\/uploads\/2023\/09\/Hospi-Grama-77-1536x1024.jpg 1536w, http:\/\/fegrama.cat\/web\/wp-content\/uploads\/2023\/09\/Hospi-Grama-77-2048x1365.jpg 2048w, http:\/\/fegrama.cat\/web\/wp-content\/uploads\/2023\/09\/Hospi-Grama-77-128x85.jpg 128w, http:\/\/fegrama.cat\/web\/wp-content\/uploads\/2023\/09\/Hospi-Grama-77-32x21.jpg 32w\" sizes=\"auto, (max-width: 1024px) 100vw, 1024px\" \/><\/a><\/figure>\n\n\n\n<figure class=\"wp-block-image size-large\"><a href=\"http:\/\/fegrama.cat\/web\/wp-content\/uploads\/2023\/09\/Hospi-Grama-80-scaled.jpg\"><img loading=\"lazy\" decoding=\"async\" width=\"1024\" height=\"683\" data-id=\"32955\" src=\"http:\/\/fegrama.cat\/web\/wp-content\/uploads\/2023\/09\/Hospi-Grama-80-1024x683.jpg\" alt=\"\" class=\"wp-image-32955\" srcset=\"http:\/\/fegrama.cat\/web\/wp-content\/uploads\/2023\/09\/Hospi-Grama-80-1024x683.jpg 1024w, http:\/\/fegrama.cat\/web\/wp-content\/uploads\/2023\/09\/Hospi-Grama-80-300x200.jpg 300w, http:\/\/fegrama.cat\/web\/wp-content\/uploads\/2023\/09\/Hospi-Grama-80-768x512.jpg 768w, http:\/\/fegrama.cat\/web\/wp-content\/uploads\/2023\/09\/Hospi-Grama-80-1536x1024.jpg 1536w, http:\/\/fegrama.cat\/web\/wp-content\/uploads\/2023\/09\/Hospi-Grama-80-2048x1365.jpg 2048w, http:\/\/fegrama.cat\/web\/wp-content\/uploads\/2023\/09\/Hospi-Grama-80-128x85.jpg 128w, http:\/\/fegrama.cat\/web\/wp-content\/uploads\/2023\/09\/Hospi-Grama-80-32x21.jpg 32w\" sizes=\"auto, (max-width: 1024px) 100vw, 1024px\" \/><\/a><\/figure>\n<\/figure>\n\n\n\n<p><em><strong>La Grama cae en el Estadio Municipal de L&#8217;Hospitalet en la primera jornada liguera de Tercera RFEF.<\/strong><\/em><\/p>\n\n\n\n<p>Derrota para iniciar la competici\u00f3n liguera por parte de los de Jose Solivelles, que pese a luchar duro, fueron superados por un contundente y efectivo Hospitalet. El inicio del partido estuvo marcado por la igualdad y la falta de acierto en las \u00e1reas por parte de ambos equipos, pero todo cambiar\u00eda a punto de llegar a la media hora de juego cuando el delantero local Oscar G\u00f3mez har\u00eda el primero del duelo. En el 33&#8242; la tendr\u00eda Guillem Pujol, pero los locales conseguir\u00edan despejar el bal\u00f3n cuando iba hacia porter\u00eda. Y 5 minutos m\u00e1s tarde, caer\u00eda el segundo de L&#8217;Hospitalet, obra de Albert L\u00f3pez, llegando al descanso con un complicado 2-0 en el electr\u00f3nico.<\/p>\n\n\n\n<p>En la reanudaci\u00f3n, la Grama apretar\u00eda mediante una presi\u00f3n bastante elevada y pondr\u00eda en peligro a los locales, con disparos que har\u00edan intervenir el portero Aliaga. Sin embargo, el esf\u00e9rico no acabar\u00eda entrando en la meta de los locales. El CE L&#8217;Hospitalet pudo hacer el 3\u00ba desde el punto de penalti, pero Sergio detuvo el disparo desde los once metros de Ton Alcover. Pese a intentarlo hasta el final, el equipo colomense ver\u00eda c\u00f3mo la renta de los locales aumentar\u00eda, ya que Ra\u00fal Mart\u00ednez har\u00eda el tercer y definitivo gol.<\/p>\n\n\n\n<p>El pr\u00f3ximo partido de la FE Grama ser\u00e1 el domingo 17 de septiembre a partir de las 11:45h en el Municipal contra el Mollerussa. \u00a1Os esperamos a todos!<\/p>\n","protected":false},"excerpt":{"rendered":"<p>La Grama cau a l&#8217;Estadi Municipal de L&#8217;Hospitalet a la primera jornada de lliga a Tercera RFEF. Derrota per iniciar la competici\u00f3 lliguera pels de Jose Solivelles, que tot i lluitar de valent, van ser superats per un contundent i efectiu Hospitalet. L&#8217;inici del partit va estar marcat per l&#8217;igualtat i la falta d&#8217;encert a [&hellip;]<\/p>\n","protected":false},"author":1,"featured_media":32942,"comment_status":"closed","ping_status":"closed","sticky":false,"template":"","format":"standard","meta":{"footnotes":""},"categories":[14,15,5,1],"tags":[],"class_list":["post-32941","post","type-post","status-publish","format-standard","has-post-thumbnail","hentry","category-noticies","category-noticies-destacades","category-primer-equip","category-uncategorized"],"_links":{"self":[{"href":"http:\/\/fegrama.cat\/web\/wp-json\/wp\/v2\/posts\/32941","targetHints":{"allow":["GET"]}}],"collection":[{"href":"http:\/\/fegrama.cat\/web\/wp-json\/wp\/v2\/posts"}],"about":[{"href":"http:\/\/fegrama.cat\/web\/wp-json\/wp\/v2\/types\/post"}],"author":[{"embeddable":true,"href":"http:\/\/fegrama.cat\/web\/wp-json\/wp\/v2\/users\/1"}],"replies":[{"embeddable":true,"href":"http:\/\/fegrama.cat\/web\/wp-json\/wp\/v2\/comments?post=32941"}],"version-history":[{"count":4,"href":"http:\/\/fegrama.cat\/web\/wp-json\/wp\/v2\/posts\/32941\/revisions"}],"predecessor-version":[{"id":32956,"href":"http:\/\/fegrama.cat\/web\/wp-json\/wp\/v2\/posts\/32941\/revisions\/32956"}],"wp:featuredmedia":[{"embeddable":true,"href":"http:\/\/fegrama.cat\/web\/wp-json\/wp\/v2\/media\/32942"}],"wp:attachment":[{"href":"http:\/\/fegrama.cat\/web\/wp-json\/wp\/v2\/media?parent=32941"}],"wp:term":[{"taxonomy":"category","embeddable":true,"href":"http:\/\/fegrama.cat\/web\/wp-json\/wp\/v2\/categories?post=32941"},{"taxonomy":"post_tag","embeddable":true,"href":"http:\/\/fegrama.cat\/web\/wp-json\/wp\/v2\/tags?post=32941"}],"curies":[{"name":"wp","href":"https:\/\/api.w.org\/{rel}","templated":true}]}}