{"id":32934,"date":"2023-08-25T15:10:05","date_gmt":"2023-08-25T14:10:05","guid":{"rendered":"http:\/\/fegrama.cat\/web\/?p=32934"},"modified":"2023-08-25T15:10:06","modified_gmt":"2023-08-25T14:10:06","slug":"comunicat-oficial-25-8-2023","status":"publish","type":"post","link":"http:\/\/fegrama.cat\/web\/comunicat-oficial-25-8-2023\/","title":{"rendered":"Comunicat oficial (25-8-2023)"},"content":{"rendered":"\n<p>Des de la Fundaci\u00f3 Esportiva Grama, en relaci\u00f3 a l\u2019actitud de l\u2019actual President de la Federaci\u00f3 Espanyola de Futbol, Lu\u00eds Rubiales, volem manifestar el nostre absolut rebuig al seu comportament durant la final del Mundial de F\u00fatbol Femen\u00ed. Exigim, per tant, la seva immediata dimissi\u00f3 i comminem a la Federaci\u00f3 Catalana de Futbol per tal que faci seva la veu del futbol catal\u00e0 i manifesti de forma inequ\u00edvoca una postura ferma en defensa de la dignitat de les nostres futbolistes. En moments com aquests les entitats que treballem des de la base per a la igualtat entre dones i homes no podem restar en silenci davant fets que perjudiquen de forma greu al nostre esport.<\/p>\n\n\n<div class=\"wp-block-image\">\n<figure class=\"aligncenter size-full is-resized\"><a href=\"http:\/\/fegrama.cat\/web\/wp-content\/uploads\/2023\/08\/F23WWezWgAAERA9.jpeg\"><img loading=\"lazy\" decoding=\"async\" src=\"http:\/\/fegrama.cat\/web\/wp-content\/uploads\/2023\/08\/F23WWezWgAAERA9.jpeg\" alt=\"\" class=\"wp-image-32878\" width=\"686\" height=\"335\" srcset=\"http:\/\/fegrama.cat\/web\/wp-content\/uploads\/2023\/08\/F23WWezWgAAERA9.jpeg 1024w, http:\/\/fegrama.cat\/web\/wp-content\/uploads\/2023\/08\/F23WWezWgAAERA9-300x146.jpeg 300w, http:\/\/fegrama.cat\/web\/wp-content\/uploads\/2023\/08\/F23WWezWgAAERA9-768x375.jpeg 768w, http:\/\/fegrama.cat\/web\/wp-content\/uploads\/2023\/08\/F23WWezWgAAERA9-128x63.jpeg 128w, http:\/\/fegrama.cat\/web\/wp-content\/uploads\/2023\/08\/F23WWezWgAAERA9-32x16.jpeg 32w\" sizes=\"auto, (max-width: 686px) 100vw, 686px\" \/><\/a><\/figure><\/div>\n\n\n<p>Desde la Fundaci\u00f3 Esportiva Grama, en relaci\u00f3n con la actitud del actual Presidente de la Federaci\u00f3n Espa\u00f1ola de F\u00fatbol, \u200b\u200bLuis Rubiales, queremos manifestar nuestro absoluto rechazo a su comportamiento durante la final del Mundial de F\u00fatbol Femenino. Exigimos, por tanto, su inmediata dimisi\u00f3n y conminamos a la Federaci\u00f3n Catalana de F\u00fatbol para que haga suya la voz del f\u00fatbol catal\u00e1n y manifieste de forma inequ\u00edvoca una postura firme en defensa de la dignidad de nuestras futbolistas. En momentos como estos las entidades que trabajamos desde la base para la igualdad entre mujeres y hombres no podemos permanecer en silencio ante hechos que perjudican de forma grave a nuestro deporte.<\/p>\n","protected":false},"excerpt":{"rendered":"<p>Des de la Fundaci\u00f3 Esportiva Grama, en relaci\u00f3 a l\u2019actitud de l\u2019actual President de la Federaci\u00f3 Espanyola de Futbol, Lu\u00eds Rubiales, volem manifestar el nostre absolut rebuig al seu comportament durant la final del Mundial de F\u00fatbol Femen\u00ed. Exigim, per tant, la seva immediata dimissi\u00f3 i comminem a la Federaci\u00f3 Catalana de Futbol per tal [&hellip;]<\/p>\n","protected":false},"author":1,"featured_media":0,"comment_status":"closed","ping_status":"closed","sticky":false,"template":"","format":"standard","meta":{"footnotes":""},"categories":[14],"tags":[],"class_list":["post-32934","post","type-post","status-publish","format-standard","hentry","category-noticies"],"_links":{"self":[{"href":"http:\/\/fegrama.cat\/web\/wp-json\/wp\/v2\/posts\/32934","targetHints":{"allow":["GET"]}}],"collection":[{"href":"http:\/\/fegrama.cat\/web\/wp-json\/wp\/v2\/posts"}],"about":[{"href":"http:\/\/fegrama.cat\/web\/wp-json\/wp\/v2\/types\/post"}],"author":[{"embeddable":true,"href":"http:\/\/fegrama.cat\/web\/wp-json\/wp\/v2\/users\/1"}],"replies":[{"embeddable":true,"href":"http:\/\/fegrama.cat\/web\/wp-json\/wp\/v2\/comments?post=32934"}],"version-history":[{"count":1,"href":"http:\/\/fegrama.cat\/web\/wp-json\/wp\/v2\/posts\/32934\/revisions"}],"predecessor-version":[{"id":32935,"href":"http:\/\/fegrama.cat\/web\/wp-json\/wp\/v2\/posts\/32934\/revisions\/32935"}],"wp:attachment":[{"href":"http:\/\/fegrama.cat\/web\/wp-json\/wp\/v2\/media?parent=32934"}],"wp:term":[{"taxonomy":"category","embeddable":true,"href":"http:\/\/fegrama.cat\/web\/wp-json\/wp\/v2\/categories?post=32934"},{"taxonomy":"post_tag","embeddable":true,"href":"http:\/\/fegrama.cat\/web\/wp-json\/wp\/v2\/tags?post=32934"}],"curies":[{"name":"wp","href":"https:\/\/api.w.org\/{rel}","templated":true}]}}