{"id":32873,"date":"2023-08-07T22:35:33","date_gmt":"2023-08-07T21:35:33","guid":{"rendered":"http:\/\/fegrama.cat\/web\/?p=32873"},"modified":"2023-08-07T22:35:33","modified_gmt":"2023-08-07T21:35:33","slug":"comunicat-kings-league-7-8-2023","status":"publish","type":"post","link":"http:\/\/fegrama.cat\/web\/comunicat-kings-league-7-8-2023\/","title":{"rendered":"Comunicat Kings League (7-8-2023)"},"content":{"rendered":"\n<p>Carta que ha estat dirigida al president de la Federaci\u00f3 Catalana de Futbol i que es far\u00e0 extensiva als clubs del futbol catal\u00e0:<\/p>\n\n\n\n<figure class=\"wp-block-image size-full\"><a href=\"http:\/\/fegrama.cat\/web\/wp-content\/uploads\/2023\/08\/imagen.png\"><img loading=\"lazy\" decoding=\"async\" width=\"616\" height=\"875\" src=\"http:\/\/fegrama.cat\/web\/wp-content\/uploads\/2023\/08\/imagen.png\" alt=\"\" class=\"wp-image-32874\" srcset=\"http:\/\/fegrama.cat\/web\/wp-content\/uploads\/2023\/08\/imagen.png 616w, http:\/\/fegrama.cat\/web\/wp-content\/uploads\/2023\/08\/imagen-211x300.png 211w, http:\/\/fegrama.cat\/web\/wp-content\/uploads\/2023\/08\/imagen-90x128.png 90w, http:\/\/fegrama.cat\/web\/wp-content\/uploads\/2023\/08\/imagen-23x32.png 23w\" sizes=\"auto, (max-width: 616px) 100vw, 616px\" \/><\/a><\/figure>\n\n\n\n<p>Carta que ha sido dirigida al presidente de la Federaci\u00f3n Catalana de F\u00fatbol y que se har\u00e1 extensiva a los clubes del f\u00fatbol catal\u00e1n:<\/p>\n\n\n\n<figure class=\"wp-block-image size-full is-resized\"><a href=\"http:\/\/fegrama.cat\/web\/wp-content\/uploads\/2023\/08\/imagen-1.png\"><img loading=\"lazy\" decoding=\"async\" src=\"http:\/\/fegrama.cat\/web\/wp-content\/uploads\/2023\/08\/imagen-1.png\" alt=\"\" class=\"wp-image-32875\" width=\"597\" height=\"905\" srcset=\"http:\/\/fegrama.cat\/web\/wp-content\/uploads\/2023\/08\/imagen-1.png 597w, http:\/\/fegrama.cat\/web\/wp-content\/uploads\/2023\/08\/imagen-1-198x300.png 198w, http:\/\/fegrama.cat\/web\/wp-content\/uploads\/2023\/08\/imagen-1-84x128.png 84w, http:\/\/fegrama.cat\/web\/wp-content\/uploads\/2023\/08\/imagen-1-21x32.png 21w\" sizes=\"auto, (max-width: 597px) 100vw, 597px\" \/><\/a><\/figure>\n\n\n\n<div data-wp-interactive=\"core\/file\" class=\"wp-block-file\"><object data-wp-bind--hidden=\"!state.hasPdfPreview\" hidden class=\"wp-block-file__embed\" data=\"http:\/\/fegrama.cat\/web\/wp-content\/uploads\/2023\/08\/Carta-KL-CatCast-2.pdf\" type=\"application\/pdf\" style=\"width:100%;height:600px\" aria-label=\"Incrustado de Carta-KL-CatCast-2.\"><\/object><a id=\"wp-block-file--media-76cf88a5-956c-4d4c-8840-bb6dea49fcdc\" href=\"http:\/\/fegrama.cat\/web\/wp-content\/uploads\/2023\/08\/Carta-KL-CatCast-2.pdf\">Carta-KL-CatCast-2<\/a><a href=\"http:\/\/fegrama.cat\/web\/wp-content\/uploads\/2023\/08\/Carta-KL-CatCast-2.pdf\" class=\"wp-block-file__button wp-element-button\" download aria-describedby=\"wp-block-file--media-76cf88a5-956c-4d4c-8840-bb6dea49fcdc\">Descarga<\/a><\/div>\n","protected":false},"excerpt":{"rendered":"<p>Carta que ha estat dirigida al president de la Federaci\u00f3 Catalana de Futbol i que es far\u00e0 extensiva als clubs del futbol catal\u00e0: Carta que ha sido dirigida al presidente de la Federaci\u00f3n Catalana de F\u00fatbol y que se har\u00e1 extensiva a los clubes del f\u00fatbol catal\u00e1n:<\/p>\n","protected":false},"author":1,"featured_media":32878,"comment_status":"closed","ping_status":"closed","sticky":false,"template":"","format":"standard","meta":{"footnotes":""},"categories":[1348,14],"tags":[],"class_list":["post-32873","post","type-post","status-publish","format-standard","has-post-thumbnail","hentry","category-club","category-noticies"],"_links":{"self":[{"href":"http:\/\/fegrama.cat\/web\/wp-json\/wp\/v2\/posts\/32873","targetHints":{"allow":["GET"]}}],"collection":[{"href":"http:\/\/fegrama.cat\/web\/wp-json\/wp\/v2\/posts"}],"about":[{"href":"http:\/\/fegrama.cat\/web\/wp-json\/wp\/v2\/types\/post"}],"author":[{"embeddable":true,"href":"http:\/\/fegrama.cat\/web\/wp-json\/wp\/v2\/users\/1"}],"replies":[{"embeddable":true,"href":"http:\/\/fegrama.cat\/web\/wp-json\/wp\/v2\/comments?post=32873"}],"version-history":[{"count":4,"href":"http:\/\/fegrama.cat\/web\/wp-json\/wp\/v2\/posts\/32873\/revisions"}],"predecessor-version":[{"id":32881,"href":"http:\/\/fegrama.cat\/web\/wp-json\/wp\/v2\/posts\/32873\/revisions\/32881"}],"wp:featuredmedia":[{"embeddable":true,"href":"http:\/\/fegrama.cat\/web\/wp-json\/wp\/v2\/media\/32878"}],"wp:attachment":[{"href":"http:\/\/fegrama.cat\/web\/wp-json\/wp\/v2\/media?parent=32873"}],"wp:term":[{"taxonomy":"category","embeddable":true,"href":"http:\/\/fegrama.cat\/web\/wp-json\/wp\/v2\/categories?post=32873"},{"taxonomy":"post_tag","embeddable":true,"href":"http:\/\/fegrama.cat\/web\/wp-json\/wp\/v2\/tags?post=32873"}],"curies":[{"name":"wp","href":"https:\/\/api.w.org\/{rel}","templated":true}]}}