{"id":3272,"date":"2014-04-11T08:49:42","date_gmt":"2014-04-11T06:49:42","guid":{"rendered":"http:\/\/fegrama.cat\/web\/?p=3272"},"modified":"2014-04-10T18:09:57","modified_gmt":"2014-04-10T16:09:57","slug":"el-lider-cadet-b-de-la-fegrama-rebra-dissabte-al-celtic","status":"publish","type":"post","link":"http:\/\/fegrama.cat\/web\/el-lider-cadet-b-de-la-fegrama-rebra-dissabte-al-celtic\/","title":{"rendered":"El l\u00edder Cadet B de la FEGrama rebr\u00e0 dissabte al Celtic"},"content":{"rendered":"<p style=\"text-align: justify;\"><span style=\"color: #000000;\">La lliga pel Cadet B de la FEGrama es posa cada cop m\u00e9s intensa perqu\u00e8 ha caigut derrotat a casa del seu perseguidor pel liderat, la Escola Guinard\u00f3, per 2-0 a la primera part de dos xuts de falta de llarga dist\u00e0ncia molts dif\u00edcils de poder remuntar.<br \/>\n<\/span><\/p>\n<p style=\"text-align: justify;\"><span style=\"color: #000000;\">El conjunt dirigit per \u00c1lex Abril tot i aix\u00ed amb aquesta segona derrota en tota la lliga, en 18 jornades disputades, segueix l\u00edder amb 48 punts i la difer\u00e8ncia amb els dos perseguidors, l&#8217;Escola Guinard\u00f3 es nom\u00e8s ara de 6 punts i de 9 amb el tercer, el Celtic.<\/span><\/p>\n<p style=\"text-align: justify;\"><span style=\"color: #000000;\">A la jornada seg\u00fcent, la 24, l&#8217;equip de la Fundaci\u00f3 Grama rebr\u00e0 en un altra partit emocionant per la lliga al Celtic, tercer classificat amb 39 punts, el pr\u00f2xim dissabte 12 d&#8217;abril des de les 13:00 hores.<\/span><\/p>\n<p style=\"text-align: justify;\"><span style=\"color: #000000;\">[divider]<\/span><\/p>\n<p style=\"text-align: justify;\"><span style=\"color: #000000;\">[button color=\u00bbblue\u00bb size=\u00bbsmall\u00bb link=\u00bbhttp:\/\/www.fcf.cat\/pnfg\/NFG_CmpJornada?cod_primaria=1000120&amp;CodCompeticion=18473296&amp;CodGrupo=18576519&amp;CodTemporada=9&amp;CodJornada=10&#8243; target=\u00bbblank\u00bb ]Resultats[\/button]<\/span><\/p>\n<p style=\"text-align: justify;\"><span style=\"color: #000000;\">[button color=\u00bbblue\u00bb size=\u00bbsmall\u00bb link=\u00bbhttp:\/\/www.fcf.cat\/pnfg\/NPcd\/NFG_VisClasificacion?cod_primaria=1000120&amp;codgrupo=18576519&amp;codcompeticion=18473296&#8243; target=\u00bbblank\u00bb ]Classificaci\u00f3[\/button]<\/span><\/p>\n<p style=\"text-align: justify;\"><span style=\"color: #000000;\">La liga para el Cadete B de la FEGrama se pone cada vez m\u00e1s intensa porque ha ca\u00eddo derrotado en casa de su perseguidor por el liderato, la Escuela Guinard\u00f3, por 2-0 en la primera parte de dos disparos de falta de larga distancia muy dif\u00edciles de poder remontar.<\/span><\/p>\n<p style=\"text-align: justify;\"><span style=\"color: #000000;\">El conjunto DIRIGIT per \u00c0lex abril Tot i AIX\u00cd AMB AQUESTA Segona derrota a tota la lliga, en 18 jornades disputades, Segueix l\u00edder AMB 48 punts i La difer\u00e8ncia con los 2 perseguidors, l&#8217;Escola Guinard\u00f3 \u00e9s nom\u00e8s ara de 6 punts i de 9 amb el tercer, el Celtic.<\/span><\/p>\n<p style=\"text-align: justify;\"><span style=\"color: #000000;\">A la jornada seg\u00fcent, la 24, l&#8217;equip de la Fundaci\u00f3 Grama REBRA en un Altra partit emocionant per la lliga al Celtic, tercer Classificat AMB 39 punts, el Pr\u00f2xim dissabte 12 d&#8217;abril des de les 13:00 hores.<\/span><\/p>\n<p style=\"text-align: justify;\"><span style=\"color: #000000;\"><strong>Visca l&#8217;Esperit Grama!!!<\/strong><\/span><\/p>\n","protected":false},"excerpt":{"rendered":"<p>La lliga pel Cadet B de la FEGrama es posa cada cop m\u00e9s intensa perqu\u00e8 ha caigut derrotat a casa del seu perseguidor pel liderat, la Escola Guinard\u00f3, per 2-0 a la primera part de dos xuts de falta de llarga dist\u00e0ncia molts dif\u00edcils de poder remuntar. El conjunt dirigit per \u00c1lex Abril tot i [&hellip;]<\/p>\n","protected":false},"author":1,"featured_media":0,"comment_status":"closed","ping_status":"closed","sticky":false,"template":"","format":"standard","meta":{"footnotes":""},"categories":[4,7],"tags":[],"class_list":["post-3272","post","type-post","status-publish","format-standard","hentry","category-base-inclusiu","category-cadets"],"_links":{"self":[{"href":"http:\/\/fegrama.cat\/web\/wp-json\/wp\/v2\/posts\/3272","targetHints":{"allow":["GET"]}}],"collection":[{"href":"http:\/\/fegrama.cat\/web\/wp-json\/wp\/v2\/posts"}],"about":[{"href":"http:\/\/fegrama.cat\/web\/wp-json\/wp\/v2\/types\/post"}],"author":[{"embeddable":true,"href":"http:\/\/fegrama.cat\/web\/wp-json\/wp\/v2\/users\/1"}],"replies":[{"embeddable":true,"href":"http:\/\/fegrama.cat\/web\/wp-json\/wp\/v2\/comments?post=3272"}],"version-history":[{"count":5,"href":"http:\/\/fegrama.cat\/web\/wp-json\/wp\/v2\/posts\/3272\/revisions"}],"predecessor-version":[{"id":3343,"href":"http:\/\/fegrama.cat\/web\/wp-json\/wp\/v2\/posts\/3272\/revisions\/3343"}],"wp:attachment":[{"href":"http:\/\/fegrama.cat\/web\/wp-json\/wp\/v2\/media?parent=3272"}],"wp:term":[{"taxonomy":"category","embeddable":true,"href":"http:\/\/fegrama.cat\/web\/wp-json\/wp\/v2\/categories?post=3272"},{"taxonomy":"post_tag","embeddable":true,"href":"http:\/\/fegrama.cat\/web\/wp-json\/wp\/v2\/tags?post=3272"}],"curies":[{"name":"wp","href":"https:\/\/api.w.org\/{rel}","templated":true}]}}