{"id":3263,"date":"2014-04-11T08:43:51","date_gmt":"2014-04-11T06:43:51","guid":{"rendered":"http:\/\/fegrama.cat\/web\/?p=3263"},"modified":"2014-04-10T18:17:31","modified_gmt":"2014-04-10T16:17:31","slug":"previes-dels-prebenjamins-i-escoles-del-12-i-13-dabril-amb-campio-de-lliga-el-prebenjami-c-fegrama","status":"publish","type":"post","link":"http:\/\/fegrama.cat\/web\/previes-dels-prebenjamins-i-escoles-del-12-i-13-dabril-amb-campio-de-lliga-el-prebenjami-c-fegrama\/","title":{"rendered":"Pr\u00e8vies dels Prebenjamins i Escoles del 12 i 13 d&#8217;abril amb Campi\u00f3 de Lliga el Prebenjam\u00ed C FEGrama"},"content":{"rendered":"<p style=\"text-align: justify;\"><span style=\"color: #000000;\">El Prebenjam\u00ed C FEGrama dirigit per Marcos D\u00edaz i Bruno Gonz\u00e1lez ha celebrat la consecuci\u00f3 de la Lliga aconseguida aquesta setmana de manera matem\u00e0tica aquest passat primer cap de setmana d&#8217;abril a falta d&#8217;un partit despr\u00e8s de liderar la taula amb 47 punts i guanyar a l&#8217;Arrabal-Calaf Gramenet. Despr\u00e8s tocar\u00e1 disputar la copa per\u00f2 abans resta l&#8217;\u00faltim partit que ser\u00e0 diumenge 13 d&#8217;abril davant el Sant Gabriel Femenino des de les 10 hores del mat\u00ed al mateix Nou Municipal de Santa Coloma de Gramenet.<\/span><\/p>\n<p style=\"text-align: justify;\"><span style=\"color: #000000;\"><a href=\"http:\/\/fegrama.cat\/web\/wp-content\/uploads\/2014\/04\/camepone.jpg\"><span style=\"color: #000000;\"><img loading=\"lazy\" decoding=\"async\" class=\"aligncenter size-full wp-image-3268\" alt=\"camepone\" src=\"http:\/\/fegrama.cat\/web\/wp-content\/uploads\/2014\/04\/camepone.jpg\" width=\"816\" height=\"612\" \/><\/span><\/a><\/span><\/p>\n<p style=\"text-align: justify;\"><span style=\"color: #000000;\"><a href=\"http:\/\/fegrama.cat\/web\/wp-content\/uploads\/2014\/04\/campeonessssssssssss.jpg\"><span style=\"color: #000000;\"><img loading=\"lazy\" decoding=\"async\" class=\"aligncenter size-full wp-image-3290\" alt=\"campeonessssssssssss\" src=\"http:\/\/fegrama.cat\/web\/wp-content\/uploads\/2014\/04\/campeonessssssssssss.jpg\" width=\"800\" height=\"600\" srcset=\"http:\/\/fegrama.cat\/web\/wp-content\/uploads\/2014\/04\/campeonessssssssssss.jpg 800w, http:\/\/fegrama.cat\/web\/wp-content\/uploads\/2014\/04\/campeonessssssssssss-300x225.jpg 300w\" sizes=\"auto, (max-width: 800px) 100vw, 800px\" \/><\/span><\/a><\/span><\/p>\n<p style=\"text-align: justify;\"><span style=\"color: #000000;\">L&#8217;Escola A FEGrama dirigit per Mart\u00edn encara t\u00e9 pendent el seu partit ajornat al camp del Bufal\u00e0 i voldr\u00e0 recuperar la tend\u00e8ncia positiva despr\u00e8s de la derrota de la setmana passada per 4-0 a casa del Badalona, segon a la classificaci\u00f3.<\/span><\/p>\n<p style=\"text-align: justify;\"><span style=\"color: #000000;\">Els de la Fundaci\u00f3 Esportiva Grama s\u00f3n cinqu\u00e8 amb 41 punts i aniran a medir-se en un amist\u00f2s al Municipal Andrade de Sant Mart\u00ed el divendres 11 d&#8217;abril des de les 18:30 hores.<\/span><\/p>\n<p style=\"text-align: justify;\"><span style=\"color: #000000;\">\u00a0<\/span><\/p>\n<p style=\"text-align: justify;\"><span style=\"color: #000000;\">L&#8217;Escola B FEGrama dirigit per Juan Cervantes voldr\u00e0 sumar davant el Trajana el diumenge 13 d&#8217;abril des de les 10 hores al propi Nou Camp Municipal de Santa Coloma de Gramenet.<\/span><\/p>\n<p style=\"text-align: justify;\"><span style=\"color: #000000;\">\u00c9s a la tercera posici\u00f3 a la classificaci\u00f3 amb 35 punts.<\/span><\/p>\n<p style=\"text-align: justify;\"><span style=\"color: #000000;\">El Prebenjam\u00ed B FEGrama dirigit per Tom\u00e1s Gonz\u00e1lez \u00e9s tercer amb 40 punts i nom\u00e8s a cinc punts dels l\u00edders d&#8217;aquesta jornada 22 de Cadeca i es medir\u00e0 a la Penya Barcelonista Cinc Copes el dissabte 12 d&#8217;abril des de les 11 hores del mat\u00ed al mateix Nou Camp Municipal de Santa Coloma de Gramenet.<\/span><\/p>\n<p style=\"text-align: justify;\"><span style=\"color: #000000;\"><strong>Visca l&#8217;Esperit Grama!!!<\/strong><\/span><\/p>\n","protected":false},"excerpt":{"rendered":"<p>El Prebenjam\u00ed C FEGrama dirigit per Marcos D\u00edaz i Bruno Gonz\u00e1lez ha celebrat la consecuci\u00f3 de la Lliga aconseguida aquesta setmana de manera matem\u00e0tica aquest passat primer cap de setmana d&#8217;abril a falta d&#8217;un partit despr\u00e8s de liderar la taula amb 47 punts i guanyar a l&#8217;Arrabal-Calaf Gramenet. Despr\u00e8s tocar\u00e1 disputar la copa per\u00f2 abans [&hellip;]<\/p>\n","protected":false},"author":1,"featured_media":3290,"comment_status":"closed","ping_status":"closed","sticky":false,"template":"","format":"standard","meta":{"footnotes":""},"categories":[4,33,12],"tags":[],"class_list":["post-3263","post","type-post","status-publish","format-standard","has-post-thumbnail","hentry","category-base-inclusiu","category-escola-diari-feg","category-prebenjamins"],"_links":{"self":[{"href":"http:\/\/fegrama.cat\/web\/wp-json\/wp\/v2\/posts\/3263","targetHints":{"allow":["GET"]}}],"collection":[{"href":"http:\/\/fegrama.cat\/web\/wp-json\/wp\/v2\/posts"}],"about":[{"href":"http:\/\/fegrama.cat\/web\/wp-json\/wp\/v2\/types\/post"}],"author":[{"embeddable":true,"href":"http:\/\/fegrama.cat\/web\/wp-json\/wp\/v2\/users\/1"}],"replies":[{"embeddable":true,"href":"http:\/\/fegrama.cat\/web\/wp-json\/wp\/v2\/comments?post=3263"}],"version-history":[{"count":5,"href":"http:\/\/fegrama.cat\/web\/wp-json\/wp\/v2\/posts\/3263\/revisions"}],"predecessor-version":[{"id":3345,"href":"http:\/\/fegrama.cat\/web\/wp-json\/wp\/v2\/posts\/3263\/revisions\/3345"}],"wp:featuredmedia":[{"embeddable":true,"href":"http:\/\/fegrama.cat\/web\/wp-json\/wp\/v2\/media\/3290"}],"wp:attachment":[{"href":"http:\/\/fegrama.cat\/web\/wp-json\/wp\/v2\/media?parent=3263"}],"wp:term":[{"taxonomy":"category","embeddable":true,"href":"http:\/\/fegrama.cat\/web\/wp-json\/wp\/v2\/categories?post=3263"},{"taxonomy":"post_tag","embeddable":true,"href":"http:\/\/fegrama.cat\/web\/wp-json\/wp\/v2\/tags?post=3263"}],"curies":[{"name":"wp","href":"https:\/\/api.w.org\/{rel}","templated":true}]}}