{"id":326,"date":"2013-12-04T14:56:55","date_gmt":"2013-12-04T14:56:55","guid":{"rendered":"http:\/\/fegrama.cat\/web\/?p=326"},"modified":"2013-12-04T15:00:51","modified_gmt":"2013-12-04T15:00:51","slug":"visita-de-sepe-jugador-de-marfil-santa-coloma-con-juan-cervantes-entrenador-de-la-escuela-b-de-la-feg","status":"publish","type":"post","link":"http:\/\/fegrama.cat\/web\/visita-de-sepe-jugador-de-marfil-santa-coloma-con-juan-cervantes-entrenador-de-la-escuela-b-de-la-feg\/","title":{"rendered":"Visita de Sepe, jugador de Marfil Santa Coloma, con Juan Cervantes, entrenador de la Escuela B de la FEG"},"content":{"rendered":"<p style=\"text-align: justify;\"><span style=\"color: #000000;\"><strong>Juan Cervantes Rodr\u00edguez<\/strong> (<strong>Bar\u00f3 de V\u00edver<\/strong>, Barcelona,1948), ex jugador en <strong>Tercera<\/strong> con el <strong>Horta<\/strong>, en Primera Regional con el Bar\u00f3 de V\u00edver y con el <strong>Llefi\u00e0<\/strong>, es uno de los pilares de la nueva <strong>Fundaci\u00f3 Esportiva Grama (FEG)<\/strong> por los valores humanos que aporta a los m\u00e1s peque\u00f1os del club \u201cporque creo que el entrenador m\u00e1s experimentado es el que debe inculcar aptitudes a los m\u00e1s peque\u00f1os\u201d. <\/span><\/p>\n<p style=\"text-align: justify;\"><span style=\"color: #000000;\">Muy conocido en el mundo del futbol y m\u00e1s por el <strong>Barcelon\u00e9s Nord,<\/strong> Cervantes trajo al <strong>Nou Municipal de Santa Coloma<\/strong> al ala-p\u00edvot de <strong>Marfil Santa Coloma<\/strong>, <strong>Sergio Sierra \u00abSepe<\/strong>\u00ab, para inculcar a los peques lo mismo que recuerda Sepe de cuando era ni\u00f1o le dec\u00eda Cervantes: \u00a0\u201cDisciplina y hacer caso al entrenador\u201d, les recordaba el jugador profesional de la <strong>LNFS<\/strong> a los m\u00e1s peque\u00f1os.<\/span><\/p>\n<p style=\"text-align: justify;\"><span style=\"color: #000000;\">Cervantes present\u00f3 a Sepe a las dos escuelas de la FEG, como al entrenador de la <strong>Escuela A<\/strong>, <strong>Mart\u00edn<\/strong> y al resto de equipos que entrenaban en esos momentos en el Nou Municipal.<\/span><\/p>\n<figure id=\"attachment_329\" aria-describedby=\"caption-attachment-329\" style=\"width: 607px\" class=\"wp-caption alignleft\"><a href=\"http:\/\/fegrama.cat\/web\/wp-content\/uploads\/2013\/12\/cervysepeSL1.jpg\"><img loading=\"lazy\" decoding=\"async\" class=\" wp-image-329  \" title=\"Momentos durante la visita de Sepe, jugador de Marfil, cortes\u00eda de Cervantes de la Fundaci\u00f3 Esportiva Grama, al Nou Municipal de Santa Coloma\" alt=\"Momentos durante la visita de Sepe, jugador de Marfil, cortes\u00eda de Cervantes de la Fundaci\u00f3 Esportiva Grama, al Nou Municipal de Santa Coloma\" src=\"http:\/\/fegrama.cat\/web\/wp-content\/uploads\/2013\/12\/cervysepeSL1.jpg\" width=\"607\" height=\"485\" \/><\/a><figcaption id=\"caption-attachment-329\" class=\"wp-caption-text\">Momentos durante la visita de Sepe, jugador de Marfil, cortes\u00eda de Cervantes de la Fundaci\u00f3 Esportiva Grama, al Nou Municipal de Santa Coloma<\/figcaption><\/figure>\n","protected":false},"excerpt":{"rendered":"<p>Juan Cervantes Rodr\u00edguez (Bar\u00f3 de V\u00edver, Barcelona,1948), ex jugador en Tercera con el Horta, en Primera Regional con el Bar\u00f3 de V\u00edver y con el Llefi\u00e0, es uno de los pilares de la nueva Fundaci\u00f3 Esportiva Grama (FEG) por los valores humanos que aporta a los m\u00e1s peque\u00f1os del club \u201cporque creo que el entrenador [&hellip;]<\/p>\n","protected":false},"author":1,"featured_media":327,"comment_status":"closed","ping_status":"closed","sticky":false,"template":"","format":"standard","meta":{"footnotes":""},"categories":[14],"tags":[51,19,24,50,52,55,54,53],"class_list":["post-326","post","type-post","status-publish","format-standard","has-post-thumbnail","hentry","category-noticies","tag-baro-de-viver","tag-feg","tag-fundacio-esportiva-grama","tag-lnfs","tag-marfil-santa-coloma","tag-nou-municipal-de-santa-coloma","tag-sepe","tag-sergio-sierra"],"_links":{"self":[{"href":"http:\/\/fegrama.cat\/web\/wp-json\/wp\/v2\/posts\/326","targetHints":{"allow":["GET"]}}],"collection":[{"href":"http:\/\/fegrama.cat\/web\/wp-json\/wp\/v2\/posts"}],"about":[{"href":"http:\/\/fegrama.cat\/web\/wp-json\/wp\/v2\/types\/post"}],"author":[{"embeddable":true,"href":"http:\/\/fegrama.cat\/web\/wp-json\/wp\/v2\/users\/1"}],"replies":[{"embeddable":true,"href":"http:\/\/fegrama.cat\/web\/wp-json\/wp\/v2\/comments?post=326"}],"version-history":[{"count":4,"href":"http:\/\/fegrama.cat\/web\/wp-json\/wp\/v2\/posts\/326\/revisions"}],"predecessor-version":[{"id":333,"href":"http:\/\/fegrama.cat\/web\/wp-json\/wp\/v2\/posts\/326\/revisions\/333"}],"wp:featuredmedia":[{"embeddable":true,"href":"http:\/\/fegrama.cat\/web\/wp-json\/wp\/v2\/media\/327"}],"wp:attachment":[{"href":"http:\/\/fegrama.cat\/web\/wp-json\/wp\/v2\/media?parent=326"}],"wp:term":[{"taxonomy":"category","embeddable":true,"href":"http:\/\/fegrama.cat\/web\/wp-json\/wp\/v2\/categories?post=326"},{"taxonomy":"post_tag","embeddable":true,"href":"http:\/\/fegrama.cat\/web\/wp-json\/wp\/v2\/tags?post=326"}],"curies":[{"name":"wp","href":"https:\/\/api.w.org\/{rel}","templated":true}]}}